{"id":56594,"date":"2023-06-18T15:21:00","date_gmt":"2023-06-18T20:21:00","guid":{"rendered":"http:\/\/www.zonaroja.com.mx\/?p=56594"},"modified":"2023-06-18T08:22:44","modified_gmt":"2023-06-18T13:22:44","slug":"oaxaqueno-recibe-doctorado-honoris-causa-por-la-universidad-de-harvard","status":"publish","type":"post","link":"https:\/\/zonaroja.com.mx\/?p=56594","title":{"rendered":"Oaxaque\u00f1o recibe doctorado Honoris Causa por la Universidad de Harvard"},"content":{"rendered":"\n<p>Yuridiana Sosa\/Zona Roja.<\/p>\n\n\n\n<p>Oaxaca de Ju\u00e1rez, Oax., a 18 de junio de 2023.- S\u00f3lo detr\u00e1s de Octavio Paz y Carlos Fuentes, el oaxaque\u00f1o Hugo No\u00e9 Morales Rosas se convierte en el tercer mexicano en ser galardonado por la Universidad de Harvard con un doctorado Honoris Causa.<\/p>\n\n\n\n<p>Con este hecho registrado en d\u00edas pasados, Morales Rosas de 74 a\u00f1os de edad, volvi\u00f3 a hacer historia una vez m\u00e1s como mexicano en Estados Unidos, pues tambi\u00e9n fue el primero en graduarse de Harvard con t\u00edtulo en Leyes de la Escuela de Derecho de dicha Universidad.<\/p>\n\n\n\n<p>En entrevista con medios de habla hispana, el oaxaque\u00f1o manifest\u00f3 con humildad el orgullo que representa contar con este galard\u00f3n s\u00f3lo por detr\u00e1s de Octavio Paz y Carlos Fuentes, sin embargo, a diferencia de ellos, Morales Rosas no es escritor ni poeta.<\/p>\n\n\n\n<p>Hugo No\u00e9 Morales Rosas es de origen ind\u00edgena, de la comunidad de Santiago Miltepec, de la regi\u00f3n Mixteca de Oaxaca y el reciente reconocimiento Honoris Causa por la Universidad de Harvard obedece a que fue pionero en la radiodifusi\u00f3n p\u00fablica estadounidense y promotor de las voces marginadas, principalmente de los migrantes, a trav\u00e9s de Radio Biling\u00fce desde hace 47 a\u00f1os.<\/p>\n\n\n\n<p>Radio Biling\u00fce se fund\u00f3 en 1976 en la zona fronteriza de Estados Unidos y M\u00e9xico, y actualmente cuenta con 25 emisoras que operan 24 horas, as\u00ed como cuentan con m\u00e1s de 75 afiliadas, llegando a tener hasta medio mill\u00f3n de radioescuchas, cont\u00f3 con una gran sonrisa durante la entrevista.<\/p>\n\n\n\n<p>Detall\u00f3 que fue despu\u00e9s de graduarse en Harvard que se mud\u00f3 a vivir en lo que llama el valle m\u00e1s rico y agricultor de Estados Unidos, el valle Zapoquin.<\/p>\n\n\n\n<p>Su origen mixteco, con parte de su ni\u00f1ez en Oaxaca, no lo olvida y tiene el instinto de organizar a la gente campesina, de ayudar.<\/p>\n\n\n\n<p>Pero los sue\u00f1os y metas de Hugo No\u00e9 Morales no terminan con el galard\u00f3n, afirma que entre sus retos se encuentra llegar a m\u00e1s comunidad latina, no s\u00f3lo con m\u00fasica, tambi\u00e9n con informaci\u00f3n precisa a migrantes vulnerables.<\/p>\n\n\n\n<p>Pues est\u00e1 consciente que sigue prevaleciendo el racismo y muchas veces se enfrentan a la pobreza, dificultades para el acceso a la educaci\u00f3n y mejores oportunidades econ\u00f3micas, y es con informaci\u00f3n que se puede ayudar a avanzar.<\/p>\n","protected":false},"excerpt":{"rendered":"<p>Yuridiana Sosa\/Zona Roja. Oaxaca de Ju\u00e1rez, Oax., a 18 de junio de 2023.- S\u00f3lo detr\u00e1s&hellip;<\/p>\n","protected":false},"author":2,"featured_media":56569,"comment_status":"closed","ping_status":"open","sticky":false,"template":"","format":"standard","meta":{"_lmt_disableupdate":"","_lmt_disable":"","_jetpack_memberships_contains_paid_content":false,"footnotes":""},"categories":[109,46],"tags":[3582],"class_list":["post-56594","post","type-post","status-publish","format-standard","has-post-thumbnail","hentry","category-minuto-a-minuto","category-zona-blanca","tag-hugo-noe-morales-rosas"],"jetpack_featured_media_url":"https:\/\/zonaroja.com.mx\/wp-content\/uploads\/2023\/06\/Hugo-Noe-Morales-Rosas-Huajuapan.jpeg","jetpack_sharing_enabled":true,"_links":{"self":[{"href":"https:\/\/zonaroja.com.mx\/index.php?rest_route=\/wp\/v2\/posts\/56594","targetHints":{"allow":["GET"]}}],"collection":[{"href":"https:\/\/zonaroja.com.mx\/index.php?rest_route=\/wp\/v2\/posts"}],"about":[{"href":"https:\/\/zonaroja.com.mx\/index.php?rest_route=\/wp\/v2\/types\/post"}],"author":[{"embeddable":true,"href":"https:\/\/zonaroja.com.mx\/index.php?rest_route=\/wp\/v2\/users\/2"}],"replies":[{"embeddable":true,"href":"https:\/\/zonaroja.com.mx\/index.php?rest_route=%2Fwp%2Fv2%2Fcomments&post=56594"}],"version-history":[{"count":1,"href":"https:\/\/zonaroja.com.mx\/index.php?rest_route=\/wp\/v2\/posts\/56594\/revisions"}],"predecessor-version":[{"id":56595,"href":"https:\/\/zonaroja.com.mx\/index.php?rest_route=\/wp\/v2\/posts\/56594\/revisions\/56595"}],"wp:featuredmedia":[{"embeddable":true,"href":"https:\/\/zonaroja.com.mx\/index.php?rest_route=\/wp\/v2\/media\/56569"}],"wp:attachment":[{"href":"https:\/\/zonaroja.com.mx\/index.php?rest_route=%2Fwp%2Fv2%2Fmedia&parent=56594"}],"wp:term":[{"taxonomy":"category","embeddable":true,"href":"https:\/\/zonaroja.com.mx\/index.php?rest_route=%2Fwp%2Fv2%2Fcategories&post=56594"},{"taxonomy":"post_tag","embeddable":true,"href":"https:\/\/zonaroja.com.mx\/index.php?rest_route=%2Fwp%2Fv2%2Ftags&post=56594"}],"curies":[{"name":"wp","href":"https:\/\/api.w.org\/{rel}","templated":true}]}}