{"id":56598,"date":"2023-06-18T10:23:00","date_gmt":"2023-06-18T15:23:00","guid":{"rendered":"http:\/\/www.zonaroja.com.mx\/?p=56598"},"modified":"2023-06-18T08:24:44","modified_gmt":"2023-06-18T13:24:44","slug":"accidente-de-militares-de-la-sedena-en-zacatecas-deja-3-muertos","status":"publish","type":"post","link":"https:\/\/zonaroja.com.mx\/?p=56598","title":{"rendered":"Accidente de militares de la Sedena en Zacatecas deja 3 muertos"},"content":{"rendered":"\n<p>Redacci\u00f3n\/Zona Roja Cdmx.<\/p>\n\n\n\n<p>Ciudad de M\u00e9xico, a 18 de junio de 2023.- Un convoy de elementos de la Secretar\u00eda de la Defensa Nacional (Sedena) sufri\u00f3 este s\u00e1bado por la tarde un accidente carretero en el estado de Zacatecas, dejando un saldo de al menos tres muertos y ocho heridos.<\/p>\n\n\n\n<p>El accidente ocurri\u00f3 en el kil\u00f3metro 25 de la carretera federal 49, justo en el tramo Rio Grande-Fresnillo, a tan solo tres kil\u00f3metros del entronque al municipio de Ca\u00f1itas de Felipe Pescador.<\/p>\n\n\n\n<p>Medios locales apuntaron que uno de los veh\u00edculos que estaban en el convoy militar se sali\u00f3 de la cinta de rodamiento por causas desconocidas, lo que provoc\u00f3 que provoc\u00f3 una volcadura.<\/p>\n\n\n\n<p>Se detall\u00f3 que al lugar de los hechos llegaron los oficiales de la Fiscal\u00eda General de Justicia del Estado de Zacatecas y servicios de emergencia.<\/p>\n\n\n\n<p>De manera extraoficial se apunt\u00f3 que un militar muri\u00f3 en el sitio del accidente y otros m\u00e1s al llegar a un hospital. Los heridos fueron trasladados&nbsp;a bordo de ambulancias a un centro hospitalario de El Mineral, para recibir atenci\u00f3n m\u00e9dica.<\/p>\n\n\n\n<p>El convoy de veh\u00edculos militares que proven\u00edan de adiestramiento en Santa Gertrudis, Chihuahua, del Centro Nacional de Adiestramiento (CNA), con direcci\u00f3n a la ciudad de Aguascalientes.<\/p>\n\n\n\n<p>(Con informaci\u00f3n de NTR Zacatecas y L\u00f3pez-D\u00f3riga Digital)<\/p>\n","protected":false},"excerpt":{"rendered":"<p>Redacci\u00f3n\/Zona Roja Cdmx. Ciudad de M\u00e9xico, a 18 de junio de 2023.- Un convoy de&hellip;<\/p>\n","protected":false},"author":2,"featured_media":56599,"comment_status":"closed","ping_status":"open","sticky":false,"template":"","format":"standard","meta":{"_lmt_disableupdate":"","_lmt_disable":"","_jetpack_memberships_contains_paid_content":false,"footnotes":""},"categories":[109,47],"tags":[1794],"class_list":["post-56598","post","type-post","status-publish","format-standard","has-post-thumbnail","hentry","category-minuto-a-minuto","category-zona-gris","tag-zacatecas"],"jetpack_featured_media_url":"https:\/\/zonaroja.com.mx\/wp-content\/uploads\/2023\/06\/Accidente-militares-Sedena-Zacatecas.jpeg","jetpack_sharing_enabled":true,"_links":{"self":[{"href":"https:\/\/zonaroja.com.mx\/index.php?rest_route=\/wp\/v2\/posts\/56598","targetHints":{"allow":["GET"]}}],"collection":[{"href":"https:\/\/zonaroja.com.mx\/index.php?rest_route=\/wp\/v2\/posts"}],"about":[{"href":"https:\/\/zonaroja.com.mx\/index.php?rest_route=\/wp\/v2\/types\/post"}],"author":[{"embeddable":true,"href":"https:\/\/zonaroja.com.mx\/index.php?rest_route=\/wp\/v2\/users\/2"}],"replies":[{"embeddable":true,"href":"https:\/\/zonaroja.com.mx\/index.php?rest_route=%2Fwp%2Fv2%2Fcomments&post=56598"}],"version-history":[{"count":1,"href":"https:\/\/zonaroja.com.mx\/index.php?rest_route=\/wp\/v2\/posts\/56598\/revisions"}],"predecessor-version":[{"id":56600,"href":"https:\/\/zonaroja.com.mx\/index.php?rest_route=\/wp\/v2\/posts\/56598\/revisions\/56600"}],"wp:featuredmedia":[{"embeddable":true,"href":"https:\/\/zonaroja.com.mx\/index.php?rest_route=\/wp\/v2\/media\/56599"}],"wp:attachment":[{"href":"https:\/\/zonaroja.com.mx\/index.php?rest_route=%2Fwp%2Fv2%2Fmedia&parent=56598"}],"wp:term":[{"taxonomy":"category","embeddable":true,"href":"https:\/\/zonaroja.com.mx\/index.php?rest_route=%2Fwp%2Fv2%2Fcategories&post=56598"},{"taxonomy":"post_tag","embeddable":true,"href":"https:\/\/zonaroja.com.mx\/index.php?rest_route=%2Fwp%2Fv2%2Ftags&post=56598"}],"curies":[{"name":"wp","href":"https:\/\/api.w.org\/{rel}","templated":true}]}}