{"id":5660,"date":"2019-11-12T07:15:31","date_gmt":"2019-11-12T13:15:31","guid":{"rendered":"http:\/\/www.zonaroja.com.mx\/?p=5660"},"modified":"2019-11-12T07:15:34","modified_gmt":"2019-11-12T13:15:34","slug":"gobierno-de-lopez-obrador-plantea-dejar-sin-fondos-planes-educativos","status":"publish","type":"post","link":"https:\/\/zonaroja.com.mx\/?p=5660","title":{"rendered":"Gobierno de L\u00f3pez Obrador plantea dejar sin fondos planes educativos"},"content":{"rendered":"\n<p>Redacci\u00f3n\/Zona Roja Cdmx.<\/p>\n\n\n\n<p>Ciudad de M\u00e9xico, 12 de noviembre de\n2019.- La reforma educativa del gobierno de Andr\u00e9s Manuel L\u00f3pez Obrador incorpor\u00f3\na la Constituci\u00f3n Mexicana la atenci\u00f3n a la educaci\u00f3n inicial y a las escuelas\nnormales, as\u00ed como la capacitaci\u00f3n permanente de los profesores.<\/p>\n\n\n\n<p>Sin embargo, la propuesta de\npresupuesto 2020 no contempla los recursos para concretarlo, revel\u00f3 hoy el\ndiario \u201cReforma\u201d. <\/p>\n\n\n\n<p>De acuerdo con la iniciativa\npresupuestal, se registra un recorte del 5.7 por ciento para la atenci\u00f3n a la\nprimera infancia, v\u00eda los fondos para Centros de Desarrollo Infantil y recursos\npara el DIF. <\/p>\n\n\n\n<p>En este rubro la inversi\u00f3n pasar\u00eda de 6\nmil 74 millones en 2019 a 5 mil 989 millones en 2020, adem\u00e1s, la atenci\u00f3n a las\nnormales no tendr\u00e1 m\u00e1s fondos para el a\u00f1o entrante y se registra una ca\u00edda\ndesde 2015, cuando se le destinaron mil 484 millones frente a los 262 millones\nprogramados para 2020.<\/p>\n\n\n\n<p>\u201cEl proyecto de presupuesto no prioriza\nla formaci\u00f3n de las y los maestros. Si se aprueba tal como est\u00e1, la inversi\u00f3n\nen las escuelas normales ser\u00eda la m\u00e1s baja desde el siglo pasado. Necesitamos\ntransformar c\u00f3mo gastamos\u201d, plante\u00f3 Jennifer O\u2019Donoghue, de Mexicanos Primero. <\/p>\n\n\n\n<p>Otro de los rubros castigados es el de\nEscuelas de Tiempo Completo, que registra una disminuci\u00f3n de 10 mil 189\nmillones de pesos a 5 mil 100 millones de pesos, una ca\u00edda de 52 por ciento;\ntambi\u00e9n castigaron el plan de Educaci\u00f3n de Calidad e Incluyente. <\/p>\n\n\n\n<p>\u201cSe ha dicho que se van a reforzar en\ntodos los aspectos las escuelas normales del pa\u00eds y ha sido al contrario en lo\npresupuestal. No entendemos c\u00f3mo podr\u00eda hacerse, hacemos un llamado a una\nrevisi\u00f3n objetiva del presupuesto\u201d, plante\u00f3 Alfonso Cepeda, secretario general\ndel SNTE a nivel nacional.<\/p>\n","protected":false},"excerpt":{"rendered":"<p>Redacci\u00f3n\/Zona Roja Cdmx. Ciudad de M\u00e9xico, 12 de noviembre de 2019.- La reforma educativa del&hellip;<\/p>\n","protected":false},"author":2,"featured_media":5661,"comment_status":"closed","ping_status":"open","sticky":false,"template":"","format":"standard","meta":{"_lmt_disableupdate":"","_lmt_disable":"","_jetpack_memberships_contains_paid_content":false,"footnotes":""},"categories":[109,47],"tags":[998],"class_list":["post-5660","post","type-post","status-publish","format-standard","has-post-thumbnail","hentry","category-minuto-a-minuto","category-zona-gris","tag-presupuesto-de-egresos-2020"],"jetpack_featured_media_url":"https:\/\/zonaroja.com.mx\/wp-content\/uploads\/2019\/11\/Normal.jpg","jetpack_sharing_enabled":true,"_links":{"self":[{"href":"https:\/\/zonaroja.com.mx\/index.php?rest_route=\/wp\/v2\/posts\/5660","targetHints":{"allow":["GET"]}}],"collection":[{"href":"https:\/\/zonaroja.com.mx\/index.php?rest_route=\/wp\/v2\/posts"}],"about":[{"href":"https:\/\/zonaroja.com.mx\/index.php?rest_route=\/wp\/v2\/types\/post"}],"author":[{"embeddable":true,"href":"https:\/\/zonaroja.com.mx\/index.php?rest_route=\/wp\/v2\/users\/2"}],"replies":[{"embeddable":true,"href":"https:\/\/zonaroja.com.mx\/index.php?rest_route=%2Fwp%2Fv2%2Fcomments&post=5660"}],"version-history":[{"count":1,"href":"https:\/\/zonaroja.com.mx\/index.php?rest_route=\/wp\/v2\/posts\/5660\/revisions"}],"predecessor-version":[{"id":5662,"href":"https:\/\/zonaroja.com.mx\/index.php?rest_route=\/wp\/v2\/posts\/5660\/revisions\/5662"}],"wp:featuredmedia":[{"embeddable":true,"href":"https:\/\/zonaroja.com.mx\/index.php?rest_route=\/wp\/v2\/media\/5661"}],"wp:attachment":[{"href":"https:\/\/zonaroja.com.mx\/index.php?rest_route=%2Fwp%2Fv2%2Fmedia&parent=5660"}],"wp:term":[{"taxonomy":"category","embeddable":true,"href":"https:\/\/zonaroja.com.mx\/index.php?rest_route=%2Fwp%2Fv2%2Fcategories&post=5660"},{"taxonomy":"post_tag","embeddable":true,"href":"https:\/\/zonaroja.com.mx\/index.php?rest_route=%2Fwp%2Fv2%2Ftags&post=5660"}],"curies":[{"name":"wp","href":"https:\/\/api.w.org\/{rel}","templated":true}]}}