{"id":56601,"date":"2023-06-18T10:00:00","date_gmt":"2023-06-18T15:00:00","guid":{"rendered":"http:\/\/www.zonaroja.com.mx\/?p=56601"},"modified":"2023-06-18T08:25:56","modified_gmt":"2023-06-18T13:25:56","slug":"enfrentamiento-en-veracruz-deja-un-policia-muerto-en-guerrero-3-asesinados","status":"publish","type":"post","link":"https:\/\/zonaroja.com.mx\/?p=56601","title":{"rendered":"Enfrentamiento en Veracruz deja un polic\u00eda muerto; en Guerrero 3 asesinados"},"content":{"rendered":"\n<p>Redacci\u00f3n\/Zona Roja Cdmx.<\/p>\n\n\n\n<p>Ciudad de M\u00e9xico, a 18 de junio de 2023.- Una balacera en la zona de Las Bajadas, en la ciudad de Veracruz, dej\u00f3 un saldo de un polic\u00eda estatal muerto y dos elementos m\u00e1s heridos.<\/p>\n\n\n\n<p>Lo anterior fue informado en un comunicado en redes sociales este s\u00e1bado por la Secretar\u00eda de Seguridad P\u00fablica del Estado de Veracruz, quien detall\u00f3 que polic\u00edas estatales fueron agredidos a balazos.<\/p>\n\n\n\n<p>Lo anterior oblig\u00f3 a que fuerzas federales y estatales tuvieran que activar de manera inmediata el operativo C\u00f3digo Rojo en el municipio de Veracruz.<\/p>\n\n\n\n<p>EN GUERRERO<\/p>\n\n\n\n<p>En tanto que, el hombre y la mujer de Zumpango del R\u00edo reportados como desaparecidos en Tixtla, fueron localizados asesinados junto a otro hombre en la batea de una camioneta que fue abandonada a orilla de la carretera federal que conduce al municipio de Guerrero.<\/p>\n\n\n\n<p>Alrededor de las 09:30 horas de este s\u00e1bado, autoridades informaron que fueron alertadas de una llamada al n\u00famero de emergencias 911, sobre el hallazgo de veh\u00edculo en el kil\u00f3metros cinco, en el lugar conocido como El Basurero.<\/p>\n\n\n\n<p>Al sitio de los hechos llegaron polic\u00edas y localizaron la camioneta de carga marcha Chevrolet, color blanco y a las v\u00edctimas identificadas como R\u00f3mulo \u201cN\u201d, Eridanea \u201cN\u201d, y otro hombre que todav\u00eda no ha sido identificado, quienes fueron golpeados y asfixiados.<\/p>\n\n\n\n<p>A trav\u00e9s de redes sociales familiares de la mujer pidieron ayuda para localizarla, quien sali\u00f3 el viernes de Zumpango del R\u00edo hacia Tixtla a recoger unos juegos mec\u00e1nicos y perdieron contacto con ella desde las 16:00 horas.<\/p>\n\n\n\n<p>EN MICHOAC\u00c1N<\/p>\n\n\n\n<p>Un civil abatido y tres detenidos dej\u00f3 un nuevo enfrentamiento entre presuntos criminales y miembros del Ej\u00e9rcito mexicano en la localidad de El Tepetate, ubicada en Apatzing\u00e1n, estado de Michoac\u00e1n.<\/p>\n\n\n\n<p>Sobre los hechos se inform\u00f3 que a las 13:00 horas personal castrense realizaba patrullajes en la citada localidad, momento en que fueron agredidos a balazos por un sujetos.<\/p>\n\n\n\n<p>Tras repeler la agresi\u00f3n, los militares lograron abatir a un pistolero y tres presuntos delincuentes m\u00e1s fueron detenidos.<\/p>\n\n\n\n<p>En el lugar de los hechos fueron asegurados dos fusiles AK47, 14 cargadores, m\u00e1s de 300 cartuchos \u00fatiles y equipo t\u00e1ctico.<\/p>\n\n\n\n<p>Los detenidos responden a los nombres de Jos\u00e9 Lorenzo M. B. de 24 a\u00f1os; Jos\u00e9 Francisco D., de 24 a\u00f1os alias El Pecas, y Alan Omar M. A., de 30 a\u00f1os.<\/p>\n\n\n\n<p>Con este hecho suman dos enfrentamientos en menos de 24 horas en el mismo poblado de Michoac\u00e1n, pues apenas la tarde del viernes los militares fueron emboscados por delincuentes, de los cuales tres fueron detenidos por los soldados.<\/p>\n\n\n\n<p>(Con informaci\u00f3n de L\u00f3pez-D\u00f3riga Digital)<\/p>\n","protected":false},"excerpt":{"rendered":"<p>Redacci\u00f3n\/Zona Roja Cdmx. Ciudad de M\u00e9xico, a 18 de junio de 2023.- Una balacera en&hellip;<\/p>\n","protected":false},"author":2,"featured_media":7486,"comment_status":"closed","ping_status":"open","sticky":false,"template":"","format":"standard","meta":{"_lmt_disableupdate":"","_lmt_disable":"","_jetpack_memberships_contains_paid_content":false,"footnotes":""},"categories":[109,51],"tags":[1746],"class_list":["post-56601","post","type-post","status-publish","format-standard","has-post-thumbnail","hentry","category-minuto-a-minuto","category-zona-roja","tag-violencia-en-mexico"],"jetpack_featured_media_url":"https:\/\/zonaroja.com.mx\/wp-content\/uploads\/2020\/01\/Escena-del-crimen7.jpg","jetpack_sharing_enabled":true,"_links":{"self":[{"href":"https:\/\/zonaroja.com.mx\/index.php?rest_route=\/wp\/v2\/posts\/56601","targetHints":{"allow":["GET"]}}],"collection":[{"href":"https:\/\/zonaroja.com.mx\/index.php?rest_route=\/wp\/v2\/posts"}],"about":[{"href":"https:\/\/zonaroja.com.mx\/index.php?rest_route=\/wp\/v2\/types\/post"}],"author":[{"embeddable":true,"href":"https:\/\/zonaroja.com.mx\/index.php?rest_route=\/wp\/v2\/users\/2"}],"replies":[{"embeddable":true,"href":"https:\/\/zonaroja.com.mx\/index.php?rest_route=%2Fwp%2Fv2%2Fcomments&post=56601"}],"version-history":[{"count":1,"href":"https:\/\/zonaroja.com.mx\/index.php?rest_route=\/wp\/v2\/posts\/56601\/revisions"}],"predecessor-version":[{"id":56602,"href":"https:\/\/zonaroja.com.mx\/index.php?rest_route=\/wp\/v2\/posts\/56601\/revisions\/56602"}],"wp:featuredmedia":[{"embeddable":true,"href":"https:\/\/zonaroja.com.mx\/index.php?rest_route=\/wp\/v2\/media\/7486"}],"wp:attachment":[{"href":"https:\/\/zonaroja.com.mx\/index.php?rest_route=%2Fwp%2Fv2%2Fmedia&parent=56601"}],"wp:term":[{"taxonomy":"category","embeddable":true,"href":"https:\/\/zonaroja.com.mx\/index.php?rest_route=%2Fwp%2Fv2%2Fcategories&post=56601"},{"taxonomy":"post_tag","embeddable":true,"href":"https:\/\/zonaroja.com.mx\/index.php?rest_route=%2Fwp%2Fv2%2Ftags&post=56601"}],"curies":[{"name":"wp","href":"https:\/\/api.w.org\/{rel}","templated":true}]}}