{"id":56610,"date":"2023-06-18T21:27:02","date_gmt":"2023-06-19T02:27:02","guid":{"rendered":"http:\/\/www.zonaroja.com.mx\/?p=56610"},"modified":"2023-06-18T21:27:05","modified_gmt":"2023-06-19T02:27:05","slug":"ni-en-domingo-cesan-crimenes-en-oaxaca-hoy-toco-a-un-taxista-en-salina-cruz","status":"publish","type":"post","link":"https:\/\/zonaroja.com.mx\/?p=56610","title":{"rendered":"Ni en domingo cesan cr\u00edmenes en Oaxaca: hoy toc\u00f3 a un taxista en Salina Cruz\u00a0"},"content":{"rendered":"\n<p>Ismael Garc\u00eda M.\/Zona Roja.<\/p>\n\n\n\n<p>Oaxaca de Ju\u00e1rez, Oax., a 18 de junio de 2023.- La ola cotidiana de cr\u00edmenes en Oaxaca resurgi\u00f3 ahora en el municipio de Salina Cruz.<\/p>\n\n\n\n<p>Un taxista fue secuestrado, torturado, asesinado y luego encerrado en la cajuela de su unidad de motor, en una calle 4 de la colonia Adolfo L\u00f3pez Mateos.<\/p>\n\n\n\n<p>La v\u00edctima a\u00fan no ha sido identificada pero conduc\u00eda un taxi de color amarillo, con n\u00famero econ\u00f3mico 286; el cuerpo fue descubierto la tarde de hoy por los vecinos, que dieron aviso a los polic\u00edas.<\/p>\n\n\n\n<p>Presuntamente ya llevaba varias horas de haber sido ultimado, pero como los uniformados no realizaban patrullajes por esa zona, no se dieron cuenta del crimen; la persona ejecutada ya hab\u00eda sido reportada como desaparecida por sus familiares.<\/p>\n\n\n\n<p>Personal de la Vicefiscal\u00eda Regional del Istmo arrib\u00f3 al sitio, para iniciar las indagatorias correspondientes.<\/p>\n\n\n\n<p>Apenas el pasado viernes, los elementos policiacos al mando del edil morenista Daniel M\u00e9ndez Sosa fueron denunciados por realizar una detenci\u00f3n arbitraria, actuaci\u00f3n que qued\u00f3 registrada en videos de usuarios de redes sociales.<\/p>\n","protected":false},"excerpt":{"rendered":"<p>Ismael Garc\u00eda M.\/Zona Roja. Oaxaca de Ju\u00e1rez, Oax., a 18 de junio de 2023.- La&hellip;<\/p>\n","protected":false},"author":2,"featured_media":56611,"comment_status":"closed","ping_status":"open","sticky":false,"template":"","format":"standard","meta":{"_lmt_disableupdate":"","_lmt_disable":"","_jetpack_memberships_contains_paid_content":false,"footnotes":""},"categories":[109,51],"tags":[168],"class_list":["post-56610","post","type-post","status-publish","format-standard","has-post-thumbnail","hentry","category-minuto-a-minuto","category-zona-roja","tag-salina-cruz"],"jetpack_featured_media_url":"https:\/\/zonaroja.com.mx\/wp-content\/uploads\/2023\/06\/Ejecutado-Salina-Cruz-Oaxaca.jpg","jetpack_sharing_enabled":true,"_links":{"self":[{"href":"https:\/\/zonaroja.com.mx\/index.php?rest_route=\/wp\/v2\/posts\/56610","targetHints":{"allow":["GET"]}}],"collection":[{"href":"https:\/\/zonaroja.com.mx\/index.php?rest_route=\/wp\/v2\/posts"}],"about":[{"href":"https:\/\/zonaroja.com.mx\/index.php?rest_route=\/wp\/v2\/types\/post"}],"author":[{"embeddable":true,"href":"https:\/\/zonaroja.com.mx\/index.php?rest_route=\/wp\/v2\/users\/2"}],"replies":[{"embeddable":true,"href":"https:\/\/zonaroja.com.mx\/index.php?rest_route=%2Fwp%2Fv2%2Fcomments&post=56610"}],"version-history":[{"count":1,"href":"https:\/\/zonaroja.com.mx\/index.php?rest_route=\/wp\/v2\/posts\/56610\/revisions"}],"predecessor-version":[{"id":56612,"href":"https:\/\/zonaroja.com.mx\/index.php?rest_route=\/wp\/v2\/posts\/56610\/revisions\/56612"}],"wp:featuredmedia":[{"embeddable":true,"href":"https:\/\/zonaroja.com.mx\/index.php?rest_route=\/wp\/v2\/media\/56611"}],"wp:attachment":[{"href":"https:\/\/zonaroja.com.mx\/index.php?rest_route=%2Fwp%2Fv2%2Fmedia&parent=56610"}],"wp:term":[{"taxonomy":"category","embeddable":true,"href":"https:\/\/zonaroja.com.mx\/index.php?rest_route=%2Fwp%2Fv2%2Fcategories&post=56610"},{"taxonomy":"post_tag","embeddable":true,"href":"https:\/\/zonaroja.com.mx\/index.php?rest_route=%2Fwp%2Fv2%2Ftags&post=56610"}],"curies":[{"name":"wp","href":"https:\/\/api.w.org\/{rel}","templated":true}]}}