{"id":56613,"date":"2023-06-19T08:40:45","date_gmt":"2023-06-19T13:40:45","guid":{"rendered":"http:\/\/www.zonaroja.com.mx\/?p=56613"},"modified":"2023-06-19T08:40:48","modified_gmt":"2023-06-19T13:40:48","slug":"horror-asesinan-a-balazos-a-otro-menor-de-edad-ahora-en-juxtlahuaca","status":"publish","type":"post","link":"https:\/\/zonaroja.com.mx\/?p=56613","title":{"rendered":"Horror: asesinan a balazos a otro menor de edad, ahora en Juxtlahuaca"},"content":{"rendered":"\n<p>Ismael Garc\u00eda M.\/Zona Roja.<\/p>\n\n\n\n<p>Oaxaca de Ju\u00e1rez, Oax., a 19 de junio de 2023.- En menos de una semana, un segundo menor de edad fue asesinado a balazos en Oaxaca.<\/p>\n\n\n\n<p>Ocurri\u00f3 este fin de semana, que sum\u00f3 al menos ocho cr\u00edmenes, en s\u00f3lo 48 horas.<\/p>\n\n\n\n<p>Fue la noche del s\u00e1bado 17 de junio en que sujetos armados arribaron al domicilio ubicado en el barrio San Pedro El Chico, de Santiago Juxtlahuaca, y acribillaron a un adulto y un menor de edad.<\/p>\n\n\n\n<p>En el sitio perdieron la vida en menor Jared \u201cN\u201d, de siete a\u00f1os de edad, y su padre Ernesto \u201cN\u201d, mientras los agresores huyeron, sin que hubiera presencia policiaca para impedirlo.<\/p>\n\n\n\n<p>Ese mismo s\u00e1bado, fueron ultimadas a balazos dos personas m\u00e1s, una en San Juan Bautista Tuxtepec, en que fue ultimado el agente municipal de La Mina, y otro en San Jacinto Amilpas, en que mataron a balazos a un joven en un establecimiento comercial mini s\u00faper.<\/p>\n\n\n\n<p>Y ayer domingo ocurrieron al menos cuatro cr\u00edmenes, uno de ellos en Salina Cruz, en que ejecutaron a un taxista identificado como Rolando \u201cN\u201d, de 29 a\u00f1os de edad, cuyo cuerpo encerraron en una cajuela de un taxi.<\/p>\n\n\n\n<p>Otro fue en Santiago Jamiltepec \u2014donde el pasado jueves 15 de junio asesinaron a un ni\u00f1o de cuatro a\u00f1os de edad\u2014, camino a la localidad de La Humedad, en que acribillaron a una persona identificada como Felipe de Jes\u00fas V. M., de 39 a\u00f1os de edad.<\/p>\n\n\n\n<p>Ayer tambi\u00e9n pero en la carretera federal 135, en la regi\u00f3n Ca\u00f1ada de Flores Mag\u00f3n, a la altura de la comunidad El Capul\u00edn, cuya v\u00edctima a\u00fan no ha sido identificada.<\/p>\n\n\n\n<p>Un homicidio doloso m\u00e1s se registr\u00f3 la noche de ayer domingo, en que fue ejecutado un taxista del sitio \u201cJu\u00e1rez\u201d de Tlacolula de Matamoros.<\/p>\n\n\n\n<p>En un camino de terracer\u00eda de la parte posterior de una gasera, cerca de la carretera federal 135, fue hallado el cuerpo sin vida, con varios impactos de arma de fuego y por el momento a\u00fan no se conoce la identidad de la v\u00edctima.<\/p>\n","protected":false},"excerpt":{"rendered":"<p>Ismael Garc\u00eda M.\/Zona Roja. Oaxaca de Ju\u00e1rez, Oax., a 19 de junio de 2023.- En&hellip;<\/p>\n","protected":false},"author":2,"featured_media":54456,"comment_status":"closed","ping_status":"open","sticky":false,"template":"","format":"standard","meta":{"_lmt_disableupdate":"","_lmt_disable":"","_jetpack_memberships_contains_paid_content":false,"footnotes":""},"categories":[109,51],"tags":[826],"class_list":["post-56613","post","type-post","status-publish","format-standard","has-post-thumbnail","hentry","category-minuto-a-minuto","category-zona-roja","tag-santiago-juxtlahuaca"],"jetpack_featured_media_url":"https:\/\/zonaroja.com.mx\/wp-content\/uploads\/2023\/04\/Escena-crimen-homicidio-violencia-asesinato.webp","jetpack_sharing_enabled":true,"_links":{"self":[{"href":"https:\/\/zonaroja.com.mx\/index.php?rest_route=\/wp\/v2\/posts\/56613","targetHints":{"allow":["GET"]}}],"collection":[{"href":"https:\/\/zonaroja.com.mx\/index.php?rest_route=\/wp\/v2\/posts"}],"about":[{"href":"https:\/\/zonaroja.com.mx\/index.php?rest_route=\/wp\/v2\/types\/post"}],"author":[{"embeddable":true,"href":"https:\/\/zonaroja.com.mx\/index.php?rest_route=\/wp\/v2\/users\/2"}],"replies":[{"embeddable":true,"href":"https:\/\/zonaroja.com.mx\/index.php?rest_route=%2Fwp%2Fv2%2Fcomments&post=56613"}],"version-history":[{"count":1,"href":"https:\/\/zonaroja.com.mx\/index.php?rest_route=\/wp\/v2\/posts\/56613\/revisions"}],"predecessor-version":[{"id":56614,"href":"https:\/\/zonaroja.com.mx\/index.php?rest_route=\/wp\/v2\/posts\/56613\/revisions\/56614"}],"wp:featuredmedia":[{"embeddable":true,"href":"https:\/\/zonaroja.com.mx\/index.php?rest_route=\/wp\/v2\/media\/54456"}],"wp:attachment":[{"href":"https:\/\/zonaroja.com.mx\/index.php?rest_route=%2Fwp%2Fv2%2Fmedia&parent=56613"}],"wp:term":[{"taxonomy":"category","embeddable":true,"href":"https:\/\/zonaroja.com.mx\/index.php?rest_route=%2Fwp%2Fv2%2Fcategories&post=56613"},{"taxonomy":"post_tag","embeddable":true,"href":"https:\/\/zonaroja.com.mx\/index.php?rest_route=%2Fwp%2Fv2%2Ftags&post=56613"}],"curies":[{"name":"wp","href":"https:\/\/api.w.org\/{rel}","templated":true}]}}