{"id":56616,"date":"2023-06-19T08:56:16","date_gmt":"2023-06-19T13:56:16","guid":{"rendered":"http:\/\/www.zonaroja.com.mx\/?p=56616"},"modified":"2023-06-19T09:38:26","modified_gmt":"2023-06-19T14:38:26","slug":"opinion-la-uabjo-su-crisis-de-violencia-de-genero-y-el-desden-del-rector","status":"publish","type":"post","link":"https:\/\/zonaroja.com.mx\/?p=56616","title":{"rendered":"Opini\u00f3n. La UABJO, su crisis de violencia de g\u00e9nero y el desd\u00e9n del rector"},"content":{"rendered":"\n<p>Ismael Garc\u00eda M.\/Zona Roja.<\/p>\n\n\n\n<p>Oaxaca de Ju\u00e1rez, Oax., a 18 de junio de 2023.- Como no suced\u00eda en per\u00edodos rectorales anteriores, la Universidad Aut\u00f3noma \u201cBenito Ju\u00e1rez\u201d de Oaxaca vive una ola de denuncias de violencia y acoso sexual, pero tiene a un rector que s\u00f3lo le interesa seguir en el negocio de la facturaci\u00f3n y no la vida universitaria.<\/p>\n\n\n\n<p>En las \u00faltimas semanas, han arreciado las acusaciones en contra de catedr\u00e1ticos y servidores p\u00fablicos de la otrora m\u00e1xima casa de estudios; el desd\u00e9n ha sido la \u00fanica respuesta de Cristian \u00c9der Carre\u00f1o, al que le queda menos de un a\u00f1o en el cargo.<\/p>\n\n\n\n<p>Quiz\u00e1 sea porque fue elegido por un lapso de dos a\u00f1os, uno de los cuales ya se le consumi\u00f3 en proselitismos priistas y compadrazgos con sus patrones, sean priistas o morenistas, a los que les lleva la contabilidad, para cuadrar cifras de los egresos, a cualquier precio.<\/p>\n\n\n\n<p>Primero fue la Facultad de Medicina y Cirug\u00eda, donde desde hace m\u00e1s de un a\u00f1o las estudiantes han denunciado a diversos m\u00e9dicos de acoso sexual e incluso violaci\u00f3n.<\/p>\n\n\n\n<p>Hay adem\u00e1s algunos casos en la Facultad de Derecho y Ciencias Sociales pero que no se han hecho p\u00fablicos y donde pronto brotar\u00e1 la ola de se\u00f1alamientos.&nbsp;<\/p>\n\n\n\n<p>Ocurre tambi\u00e9n en la Facultad de Contadur\u00eda y Administraci\u00f3n y su Bachillerato Especializado en Contadur\u00eda y Administraci\u00f3n.&nbsp;<\/p>\n\n\n\n<p>Est\u00e1n por salir a la luz muchas denuncias en las escuelas preparatorias y otras instituciones de nivel superior. Sin embargo, el silencio y el desd\u00e9n son la t\u00f3nica universitaria desde hace m\u00e1s de un a\u00f1o, a pesar de contar con una Direcci\u00f3n de Equidad y G\u00e9nero, as\u00ed como protocolos de atenci\u00f3n respectivos.<\/p>\n\n\n\n<p>RECTOR OCUPADO<\/p>\n\n\n\n<p>Pero eso al rector Cristian \u00c9der le tiene sin cuidado, pues su primera preocupaci\u00f3n y tarea fue deslindarse de los priistas, principalmente de sus padrinos Alejandro Murat Hinojosa y Jos\u00e9 Manuel Vera Salinas, quienes lo premiaron con dos a\u00f1os en la rector\u00eda.<\/p>\n\n\n\n<p>Hay que recordar que, sin rubor, no cumpl\u00eda ni una quincena al frente de la Universidad, cuando todas las dependencias p\u00fablicas del Gobierno del Estado, incluyendo los citados, acudieron a un megatequio a Ciudad Universitaria, para dejar en claro qui\u00e9n lo puso y quien manda.<\/p>\n\n\n\n<p>Su segunda preocupaci\u00f3n es ahora \u201cdistinguirse\u201d como morenista y ponerse al servicio de la llamada \u201cCuarta transformaci\u00f3n\u201d, para buscar repetir en el cargo, cuando sean las elecciones en mayo del pr\u00f3ximo a\u00f1o, pues hay que recordar que su actual condici\u00f3n es de interino.<\/p>\n\n\n\n<p>Por eso no ha dudado en invitar, reiteradamente, al titular del Ejecutivo estatal a acudir a las instalaciones universitarias, bajo cualquier pretexto, aunque reciba pocas respuestas positivas.<\/p>\n\n\n\n<p>Busca tambi\u00e9n que la proselitista Secretar\u00eda de Bienestar \u2014que s\u00f3lo se dedica a promover tequios\u2014, realice una jornada de limpieza principalmente en Ciudad Universitaria, cuyas \u00e1reas verdes lucen en total abandono.<\/p>\n\n\n\n<p>Y su tercera preocupaci\u00f3n es seguir con su negocio de facturaci\u00f3n y contabilidad, que tantos dividendos le gener\u00f3 en el sexenio anterior, con Alejandro Murat y con varios municipios. El Secretariado Ejecutivo de Seguridad P\u00fablica, los ayuntamientos de Zaachila \u2014por lo cual tiene al ex edil como su vocero\u2014, de San Pedro Mixtepec, son peque\u00f1os ejemplos de lo muy bien que le fue con los priistas y ahora busca consolidarse con municipios y gobierno de la 4T, pero hasta ahora ha encontrado resistencias.<\/p>\n\n\n\n<p>LAS ACUSACIONES<\/p>\n\n\n\n<p>No son nuevas ni recientes las denuncias de acoso sexual; hay que recordar que un 8 de marzo de 2020 fue colocado un \u201ctendedero\u201d de acosadores en la Facultad de Medicina y Cirug\u00eda; las autoridades de esa instituci\u00f3n y rectorales atendieron de inmediato la situaci\u00f3n.<\/p>\n\n\n\n<p>Pero en noviembre de 2022, ya en periodo de Cristian \u00c9der Carre\u00f1o, resurgi\u00f3 la protesta, a cuyas exigencias no dio seguimiento la actual administraci\u00f3n universitaria.<\/p>\n\n\n\n<p>Las denuncias han ido en aumento y el a\u00f1o pasado cobr\u00f3 auge el caso del catedr\u00e1tico Jhovany Cabrera, quien est\u00e1 acusado de sostener una relaci\u00f3n con una alumna, procrear; negarse a reconocer el producto y ahora negarse a otorgar pensi\u00f3n, a\u00fan con prueba de paternidad confirmada.<\/p>\n\n\n\n<p>Pero el rector de la UABJO lo sigue sosteniendo como catedr\u00e1tico y como contralor General, sin siquiera otorgar el beneficio de la duda a la alumna que ha presentado la denuncia correspondiente.<\/p>\n\n\n\n<p>Hay otro caso tambi\u00e9n, en que colectivos feministas han se\u00f1alado al abogado General de la UABJO, Adolfo Demetrio G. H., de quien incluso se ha dado a conocer que tiene denuncia ante la Fiscal\u00eda Especializada para la Atenci\u00f3n a Delitos contra la Mujer por Raz\u00f3n de G\u00e9nero de la Fiscal\u00eda General del Estado, bajo la carpeta de investigaci\u00f3n 9542\/FMUJ\/USEX\/2023. Pero tambi\u00e9n sigue en el cargo.<\/p>\n\n\n\n<p>De acuerdo con la activista y feminista Diana Luz V\u00e1squez, en la Universidad Aut\u00f3noma \u201cBenito Ju\u00e1rez\u201d hay por lo menos 300 denuncias p\u00fablicas por acoso, hostigamiento y abuso sexual cometidos por catedr\u00e1ticos en contra de alumnas de diferentes escuelas y facultades. No obstante los casos no avanzan, ni administrativa ni judicialmente.&nbsp;<\/p>\n\n\n\n<p>En la primera semana de este mes de junio, resurgieron los casos en la Facultad de Contadur\u00eda y en particular en el Bachillerato Especializado en Contadur\u00eda.<\/p>\n\n\n\n<p>En esta \u00faltima instituci\u00f3n han salido a la luz p\u00fablica varios nombres, entre ellos Jorge Francisco, Limber Ortiz, Oscar Hern\u00e1ndez y el propio Jhovay Cabrera, seg\u00fan las propias alumnas y denuncias en redes sociales por parte de colectivos.<\/p>\n\n\n\n<p>Tambi\u00e9n el nombre de Flor Cabrera Ramos, hermana de Jhovany, por supuestamente proteger a las y los acosadores. En este caso, lo \u00fanico que respondi\u00f3 el rector, de manera escueta en un comunicado, es que se investigan los hechos y se separ\u00f3 a uno de los se\u00f1alados. Nada m\u00e1s.<\/p>\n\n\n\n<p>NO PASA NADA<\/p>\n\n\n\n<p>La UABJO cuenta desde hace varios a\u00f1os con una Direcci\u00f3n de Equidad y de G\u00e9nero e incluso un Protocolo para la Prevenci\u00f3n, Atenci\u00f3n, Erradicaci\u00f3n de la Discriminaci\u00f3n, el Hostigamiento, Acoso Sexual y la Violencia en contra de las Mujeres.<\/p>\n\n\n\n<p>Entre sus fines est\u00e1 establecer medidas espec\u00edficas para la prevenci\u00f3n de conductas de discriminaci\u00f3n, hostigamiento y acoso sexual; Promover una cultura institucional de igualdad de g\u00e9nero, libre de violencia.<\/p>\n\n\n\n<p>Definir mecanismos para orientaci\u00f3n y acompa\u00f1amiento de casos de discriminaci\u00f3n, violencia contra las mujeres; hostigamiento y acoso sexual.<\/p>\n\n\n\n<p>Establecer definiciones sobre las conductas, omisiones o pr\u00e1cticas, objeto de prevenci\u00f3n, atenci\u00f3n, investigaci\u00f3n, sanci\u00f3n y reparaci\u00f3n del da\u00f1o en el presente protocolo.<\/p>\n\n\n\n<p>Establecer las atribuciones y competencias de las autoridades universitarias intervinientes, as\u00ed como los mecanismos para su coordinaci\u00f3n; Contar con un registro de casos de hostigamiento y acoso sexual en el \u00e1mbito universitario, que permita el an\u00e1lisis e implementaci\u00f3n de acciones que las inhiban y erradiquen.<\/p>\n\n\n\n<p>\u201cLa aplicaci\u00f3n del presente Protocolo deber\u00e1 realizarse sin perjuicio del cumplimiento de las disposiciones jur\u00eddicas que las instancias universitarias tienen que observar en los procedimientos para la imposici\u00f3n de sanciones en materia laboral, administrativa y\/o, en su caso, penal\u201d, recalca el documento.<\/p>\n\n\n\n<p>Pero desde la gesti\u00f3n de \u00c9der Carre\u00f1o, no se conoce ninguna acci\u00f3n a favor de las estudiantes; ni cursos ni talleres ni nada para alertar y prevenir la violencia.<\/p>\n\n\n\n<p>Esfuerzos civiles son los que van cobrando vida, como por ejemplo el colectivo \u201cOaxaperras\u201d, que busca, por medio del feminismo, hacer del arte y la s\u00e1tira una alternativa de denuncia contra los acosadores sexuales de la Universidad Aut\u00f3noma \u201cBenito Ju\u00e1rez\u201d de Oaxaca.&nbsp;<\/p>\n\n\n\n<p>\u201cActualmente cuentan con un mapeo de las facultades en donde las mujeres enfrentan distintos niveles de riesgo por la presencia de docentes o estudiantes acosadores.<\/p>\n\n\n\n<p>\u201cConformada por estudiantes y egresadas de la UABJO, la colectiva naci\u00f3 hace un a\u00f1o a partir de un episodio de violencia contra una de sus compa\u00f1eras. La denuncia ante directivos no era una opci\u00f3n debido a los obst\u00e1culos impuestos por el sistema machista y patriarcal, el se\u00f1alamiento, los prejuicios basados en estereotipos de g\u00e9nero. Bajo ese contexto optaron por el arte de la desobediencia y crearon un Bestiario\u201d, dio a conocer recientemente la periodista Citlalli L\u00f3pez.<\/p>\n\n\n\n<p>Sin embargo, a la administraci\u00f3n universitaria actual eso no le tiene ocupado ni preocupado ni ocupado, sino el futuro pol\u00edtico de su rector, pese a que no tiene ascendencia morenista\u2026 y no se puede quitar la marca priista, tatuada con fuego en su piel.<\/p>\n","protected":false},"excerpt":{"rendered":"<p>Ismael Garc\u00eda M.\/Zona Roja. Oaxaca de Ju\u00e1rez, Oax., a 18 de junio de 2023.- Como&hellip;<\/p>\n","protected":false},"author":2,"featured_media":41735,"comment_status":"closed","ping_status":"open","sticky":false,"template":"","format":"standard","meta":{"_lmt_disableupdate":"","_lmt_disable":"","_jetpack_memberships_contains_paid_content":false,"footnotes":""},"categories":[456,109,48],"tags":[1353],"class_list":["post-56616","post","type-post","status-publish","format-standard","has-post-thumbnail","hentry","category-columna","category-minuto-a-minuto","category-zona-critica","tag-opinion-zona-critica"],"jetpack_featured_media_url":"https:\/\/zonaroja.com.mx\/wp-content\/uploads\/2022\/05\/Opinion-Ismael-Garcia-M.jpg","jetpack_sharing_enabled":true,"_links":{"self":[{"href":"https:\/\/zonaroja.com.mx\/index.php?rest_route=\/wp\/v2\/posts\/56616","targetHints":{"allow":["GET"]}}],"collection":[{"href":"https:\/\/zonaroja.com.mx\/index.php?rest_route=\/wp\/v2\/posts"}],"about":[{"href":"https:\/\/zonaroja.com.mx\/index.php?rest_route=\/wp\/v2\/types\/post"}],"author":[{"embeddable":true,"href":"https:\/\/zonaroja.com.mx\/index.php?rest_route=\/wp\/v2\/users\/2"}],"replies":[{"embeddable":true,"href":"https:\/\/zonaroja.com.mx\/index.php?rest_route=%2Fwp%2Fv2%2Fcomments&post=56616"}],"version-history":[{"count":2,"href":"https:\/\/zonaroja.com.mx\/index.php?rest_route=\/wp\/v2\/posts\/56616\/revisions"}],"predecessor-version":[{"id":56631,"href":"https:\/\/zonaroja.com.mx\/index.php?rest_route=\/wp\/v2\/posts\/56616\/revisions\/56631"}],"wp:featuredmedia":[{"embeddable":true,"href":"https:\/\/zonaroja.com.mx\/index.php?rest_route=\/wp\/v2\/media\/41735"}],"wp:attachment":[{"href":"https:\/\/zonaroja.com.mx\/index.php?rest_route=%2Fwp%2Fv2%2Fmedia&parent=56616"}],"wp:term":[{"taxonomy":"category","embeddable":true,"href":"https:\/\/zonaroja.com.mx\/index.php?rest_route=%2Fwp%2Fv2%2Fcategories&post=56616"},{"taxonomy":"post_tag","embeddable":true,"href":"https:\/\/zonaroja.com.mx\/index.php?rest_route=%2Fwp%2Fv2%2Ftags&post=56616"}],"curies":[{"name":"wp","href":"https:\/\/api.w.org\/{rel}","templated":true}]}}