{"id":56618,"date":"2023-06-19T11:56:00","date_gmt":"2023-06-19T16:56:00","guid":{"rendered":"http:\/\/www.zonaroja.com.mx\/?p=56618"},"modified":"2023-06-19T08:57:31","modified_gmt":"2023-06-19T13:57:31","slug":"oaxaca-feminicida-van-8-asesinatos-de-mujeres-en-dos-semanas","status":"publish","type":"post","link":"https:\/\/zonaroja.com.mx\/?p=56618","title":{"rendered":"Oaxaca feminicida: van 8 asesinatos de mujeres en dos semanas"},"content":{"rendered":"\n<p>Yuridiana Sosa\/Zona Roja.<\/p>\n\n\n\n<p>Oaxaca de Ju\u00e1rez, Oax., a 17 de junio de 2023.- El sexto mes del a\u00f1o se pinta de rojo en Oaxaca con el asesinato de ocho mujeres en dos semanas, lo que asciende a 67 feminicidios en lo que va del sexenio del mandatario Salom\u00f3n Jara Cruz.<\/p>\n\n\n\n<p>Los hechos m\u00e1s recientes se registraron tras el ataque armado a dos habitantes de Tierra Blanca, Copala, Juxtlahuaca, en la zona triqui de la regi\u00f3n Mixteca.<\/p>\n\n\n\n<p>La organizaci\u00f3n Movimiento de Unificaci\u00f3n y Lucha Triqui (MULT) confirmaron las muertes de &nbsp;Licerina C. M., y Gertrudis C. de J., agredidas con armas de fuego el 15 de junio el trayecto a San Juan Copala, Santiago Juxtlahuaca.<\/p>\n\n\n\n<p>La Fiscal\u00eda General del Estado inform\u00f3 que no eran religiosas o seminaristas cat\u00f3licos y que eran originarias de Tierra Blanca Copala; ambas emboscadas cuando viajaban en una camioneta de la Agencia Estatal de Investigaciones.<\/p>\n\n\n\n<p>Un d\u00eda antes se registr\u00f3 la localizaci\u00f3n del cuerpo sin vida de Olivia del Rosario G. B. de 22 a\u00f1os, en un camino de terracer\u00eda en la comunidad de Mata de Ca\u00f1a, en San Juan Bautista Tuxtepec. La joven estudiante presentaba huellas de violencia en varias partes de su cuerpo.<\/p>\n\n\n\n<p>Mar\u00eda S.P. de 18 a\u00f1os de edad fue asesinada por disparos de armas de fuego en la comunidad Joya Duraznos, del municipio de Cuyamecalco Villa de Zaragoza , de la regi\u00f3n Sierra de Flores Mag\u00f3n, antes conocida como la Ca\u00f1ada.<\/p>\n\n\n\n<p>Los reportes policiales indicaron que sujetos armados con escopetas dispararon en contra de ella y su pareja.&nbsp;<\/p>\n\n\n\n<p>La violencia contra las mujeres tambi\u00e9n se registr\u00f3 en esta \u00faltima semana en la regi\u00f3n mixteca, con el asesinato de Lucila M. S de 87 a\u00f1os de edad el pasado 1 0 de junio.<\/p>\n\n\n\n<p>La anciana fue calcinada y sus restos localizados en un tambo en Santiago Ihuitl\u00e1n. En este caso la Fiscal\u00eda General del Estado ya detuvo al probable homicida.<\/p>\n\n\n\n<p>Durante la primera semana, en los primeros d\u00edas de junio se registraron tres feminicidios m\u00e1s.<\/p>\n\n\n\n<p>Brisa del Mar T. C. fue asesinada por disparos de arma de fuego cuando viajaba a bordo de una camioneta en compa\u00f1\u00eda de un var\u00f3n, en la colonia Lorenza Santiago de Juchit\u00e1n de Zaragoza.&nbsp;&nbsp;<\/p>\n\n\n\n<p>En San Mart\u00edn Itunyoso, asesinaron a Missi R. H., de 26 a\u00f1os de edad en un ataque armado a la unidad en la que viajaba junto a su familia, siendo la \u00fanica que perdi\u00f3 la vida.<\/p>\n\n\n\n<p>En la capital del estado se abri\u00f3 el registro de mujeres asesinadas durante el mes de junio, con el feminicidio de Genoveva L. F, con disparos de armas de fuego en la&nbsp;calle Emiliano Zapata, en la colonia Loma Linda&nbsp;de la ciudad de Oaxaca, el 1 de junio.<\/p>\n\n\n\n<p>Las primeras indagatorias indicaron que, supuestamente el agresor fue la pareja de la v\u00edctima identificada como \u00d3scar C. R., de 55 a\u00f1os de edad.<\/p>\n\n\n\n<p>Por su parte, la Fiscal\u00eda General del Estado de Oaxaca inform\u00f3 que dio inicio a la Carpeta de Investigaci\u00f3n correspondiente por el delito de feminicidio y bajo los protocolos de perspectiva de g\u00e9nero.<\/p>\n\n\n\n<p>HERIDAS<\/p>\n\n\n\n<p>En Santiago Pinotepa Nacional, una mujer result\u00f3 herida de gravedad en el ataque armado en el que muri\u00f3 su pareja.<\/p>\n\n\n\n<p>Mientras que, en la capital oaxaque\u00f1a, una estudiante fue lesionada con cachazos de arma de fuego en la cabeza, al resistirse a un asalto en la calle Luis Enrique Erro de la colonia Vicente Su\u00e1rez.<\/p>\n\n\n\n<p>En los primeros d\u00edas de junio, otra mujer result\u00f3 lesionada tras una agresi\u00f3n a balazos en jurisdicci\u00f3n de Santiago Juxtlahuaca. La mujer viajaba en un veh\u00edculo en compa\u00f1\u00eda de un var\u00f3n, trabajador de la dependencia federal,Seguridad Alimentaria Mexicana (Segalmex).<\/p>\n\n\n\n<p>ALZA DE VIOLENCIA<\/p>\n\n\n\n<p>De acuerdo con el recuento de la asociaci\u00f3n Consorcio Oaxaca, en lo que va del sexenio de Salom\u00f3n Jara, que inici\u00f3 el 1 de diciembre, se han registrado 67 feminicidios.<\/p>\n\n\n\n<p>Mientras que, ante la ola de violencia contra las mujeres, recientemente la asociaci\u00f3n Grupo de Estudios de la Mujer \u201cRosario Castellanos\u201d asever\u00f3 en un comunicado:<\/p>\n\n\n\n<p>\u201cEs hora de unirnos y demandar un cambio real, un cambio que garantice la seguridad y la dignidad de todas las mujeres en Oaxaca.&nbsp;<\/p>\n\n\n\n<p>\u201c\u00a1No podemos permitirnos quedarnos de brazos cruzados ante la violencia de g\u00e9nero! Juntos podemos marcar la diferencia y construir un futuro donde todas las mujeres vivan libres de miedo y violencia\u201d.<\/p>\n","protected":false},"excerpt":{"rendered":"<p>Yuridiana Sosa\/Zona Roja. Oaxaca de Ju\u00e1rez, Oax., a 17 de junio de 2023.- El sexto&hellip;<\/p>\n","protected":false},"author":2,"featured_media":48470,"comment_status":"closed","ping_status":"open","sticky":false,"template":"","format":"standard","meta":{"_lmt_disableupdate":"","_lmt_disable":"","_jetpack_memberships_contains_paid_content":false,"footnotes":""},"categories":[109,47],"tags":[610],"class_list":["post-56618","post","type-post","status-publish","format-standard","has-post-thumbnail","hentry","category-minuto-a-minuto","category-zona-gris","tag-feminicidios-oaxaca"],"jetpack_featured_media_url":"https:\/\/zonaroja.com.mx\/wp-content\/uploads\/2022\/11\/Feminicidios-Oaxaca.jpg","jetpack_sharing_enabled":true,"_links":{"self":[{"href":"https:\/\/zonaroja.com.mx\/index.php?rest_route=\/wp\/v2\/posts\/56618","targetHints":{"allow":["GET"]}}],"collection":[{"href":"https:\/\/zonaroja.com.mx\/index.php?rest_route=\/wp\/v2\/posts"}],"about":[{"href":"https:\/\/zonaroja.com.mx\/index.php?rest_route=\/wp\/v2\/types\/post"}],"author":[{"embeddable":true,"href":"https:\/\/zonaroja.com.mx\/index.php?rest_route=\/wp\/v2\/users\/2"}],"replies":[{"embeddable":true,"href":"https:\/\/zonaroja.com.mx\/index.php?rest_route=%2Fwp%2Fv2%2Fcomments&post=56618"}],"version-history":[{"count":1,"href":"https:\/\/zonaroja.com.mx\/index.php?rest_route=\/wp\/v2\/posts\/56618\/revisions"}],"predecessor-version":[{"id":56619,"href":"https:\/\/zonaroja.com.mx\/index.php?rest_route=\/wp\/v2\/posts\/56618\/revisions\/56619"}],"wp:featuredmedia":[{"embeddable":true,"href":"https:\/\/zonaroja.com.mx\/index.php?rest_route=\/wp\/v2\/media\/48470"}],"wp:attachment":[{"href":"https:\/\/zonaroja.com.mx\/index.php?rest_route=%2Fwp%2Fv2%2Fmedia&parent=56618"}],"wp:term":[{"taxonomy":"category","embeddable":true,"href":"https:\/\/zonaroja.com.mx\/index.php?rest_route=%2Fwp%2Fv2%2Fcategories&post=56618"},{"taxonomy":"post_tag","embeddable":true,"href":"https:\/\/zonaroja.com.mx\/index.php?rest_route=%2Fwp%2Fv2%2Ftags&post=56618"}],"curies":[{"name":"wp","href":"https:\/\/api.w.org\/{rel}","templated":true}]}}