{"id":56620,"date":"2023-06-19T13:57:00","date_gmt":"2023-06-19T18:57:00","guid":{"rendered":"http:\/\/www.zonaroja.com.mx\/?p=56620"},"modified":"2023-06-19T09:09:53","modified_gmt":"2023-06-19T14:09:53","slug":"no-permitiran-despojo-de-tierras-advierten-comuneros-de-chiapas-a-los-de-oaxaca","status":"publish","type":"post","link":"https:\/\/zonaroja.com.mx\/?p=56620","title":{"rendered":"No permitir\u00e1n despojo de tierras, advierten comuneros de Chiapas a los de Oaxaca"},"content":{"rendered":"\n<p>Redacci\u00f3n\/Zona Roja Cdmx.<\/p>\n\n\n\n<p>Ciudad de M\u00e9xico, a 19 de junio de 2023-. Ante las amenazas de los comuneros de San Miguel y Santa Mar\u00eda Chimalapa, Oaxaca, de desalojarlos con armas, pobladores de 18 comunidades que de acuerdo con un fallo de la Suprema Corte de Justicia de la Naci\u00f3n (SCJN) de noviembre de 2021 ya no pertenecen a Chiapas, sino a Oaxaca, advirtieron que no permitir\u00e1n \u201cel despojo\u201d de sus tierras.<\/p>\n\n\n\n<p>Imer Jim\u00e9nez L\u00f3pez, presidente del comisariado ejidal de Rafael Cal y Mayor, y represente de las 18 localidades de la zona, asegur\u00f3 en entrevista telef\u00f3nica que los aproximadamente 10 mil habitantes de la regi\u00f3n est\u00e1n \u201ca la deriva totalmente porque ni el gobierno de Chiapas ni Oaxaca y tampoco el federal nos atienden.<\/p>\n\n\n\n<p>\u201cEstamos en el aire, porque se acord\u00f3 proteger nuestra tierra y si alguien se atreve a meterse, pues a defendernos, porque no hay de d\u00f3nde nos agarremos\u201d, precis\u00f3.<\/p>\n\n\n\n<p>\u201cNo nos queda de otra; como vemos que el gobierno no mete las manos, lo que est\u00e1 haciendo cada campesino es buscar su arma para defenderse, porque ni modo que salgamos corriendo y dejemos tirado lo que tanto nos ha costado. Esa es la postura\u201d, advirti\u00f3 Jim\u00e9nez L\u00f3pez.<\/p>\n\n\n\n<p>Agreg\u00f3 que la zona est\u00e1 \u201cmuy tensa porque esta semana fuimos amenazados nuevamente por los comuneros de San Miguel y Santa Mar\u00eda Chimalapas. Se dirigieron a la zona, piden la nulidad de nuestras carpetas b\u00e1sicas y el desalojo\u201d.<\/p>\n\n\n\n<p>Coment\u00f3 que \u201csupuestamente, como ya pusieron la raya, nosotros vamos a pertenecer al municipio de Santa Mar\u00eda Chimalapas, pero no nos quieren, por lo que hemos dicho a la Secretar\u00eda de Gobernaci\u00f3n, al gobierno y al Congreso de Oaxaca que queremos un municipio libre, lo cual rechazan rotundamente los de Chimalapas, y el mismo gobierno de Oaxaca dice que eso no es posible\u201d.<\/p>\n\n\n\n<p>Critican fallo de la SCJN<\/p>\n\n\n\n<p>Jaime Magdaleno Ram\u00edrez, asesor de las 18 localidades, manifest\u00f3 que \u201ccon el fallo de la SCJN devolvieron 160 mil hect\u00e1reas a Oaxaca, por lo que en la nueva delimitaci\u00f3n, esas 18 comunidades quedaron dentro de esa entidad, pero no por eso quieran desalojarlos, la mayor\u00eda tienen resoluciones presidenciales de 20, 30 y hasta 50 a\u00f1os\u201d.<\/p>\n\n\n\n<p>Puntualiz\u00f3 que la SCJN \u201cdej\u00f3 claro que era un l\u00edmite territorial entre estados, no una delimitaci\u00f3n agraria. Si ellos quisieran anular las resoluciones presidenciales todav\u00eda proceder\u00eda el amparo de las comunidades de Chiapas, pero eso lo tendr\u00edan que iniciar en el Tribunal Agrario y llevar\u00eda a\u00f1os. Ellos creen que por el hecho de que se delimite entre estados en autom\u00e1tico todos los que est\u00e1n adentro van para afuera y no es as\u00ed\u201d.<\/p>\n\n\n\n<p>Luego de expresar que \u201clos oaxaque\u00f1os quieren quedarse con la tierra y desalojar a los pobladores de las 18 comunidades\u201d, afirm\u00f3 que los habitantes de las 18 comunidades \u201cson hijos de nadie, ni de Chiapas ni de Oaxaca y el gobierno est\u00e1 en el af\u00e1n de no pelear con los de Chimalapas, se lava las manos y no quiere reconocer que si esas comunidades quedaron dentro tienen que cobijarlas y atenderlas\u201d.<\/p>\n\n\n\n<p>Refiri\u00f3 que, \u201cen su fallo, la Corte dice que no se pueden tocar las cuestiones porque la resoluci\u00f3n s\u00f3lo afecta los l\u00edmites entre estados, no los agrarios; pero estos cuates siempre han dicho que la gente est\u00e1 en su territorio\u201d.<\/p>\n\n\n\n<p>Insisti\u00f3 en que \u201clos pobladores de las localidades afectadas est\u00e1n en la indefensi\u00f3n y hay amenazas de desalojo armado por parte de los Chimalapas. A la comunidad La Hondonada le quitaron su ganado y ellos metieron el suyo\u201d.<\/p>\n\n\n\n<p>(Informaci\u00f3n de \u201cLa Jornada\u201d)<\/p>\n","protected":false},"excerpt":{"rendered":"<p>Redacci\u00f3n\/Zona Roja Cdmx. Ciudad de M\u00e9xico, a 19 de junio de 2023-. Ante las amenazas&hellip;<\/p>\n","protected":false},"author":2,"featured_media":56625,"comment_status":"closed","ping_status":"open","sticky":false,"template":"","format":"standard","meta":{"_lmt_disableupdate":"","_lmt_disable":"","_jetpack_memberships_contains_paid_content":false,"footnotes":""},"categories":[109,47],"tags":[2949],"class_list":["post-56620","post","type-post","status-publish","format-standard","has-post-thumbnail","hentry","category-minuto-a-minuto","category-zona-gris","tag-controversia-constitucional-chimalapas"],"jetpack_featured_media_url":"https:\/\/zonaroja.com.mx\/wp-content\/uploads\/2023\/06\/Rafael-Cal-y-Mayor-Chiapas.jpeg","jetpack_sharing_enabled":true,"_links":{"self":[{"href":"https:\/\/zonaroja.com.mx\/index.php?rest_route=\/wp\/v2\/posts\/56620","targetHints":{"allow":["GET"]}}],"collection":[{"href":"https:\/\/zonaroja.com.mx\/index.php?rest_route=\/wp\/v2\/posts"}],"about":[{"href":"https:\/\/zonaroja.com.mx\/index.php?rest_route=\/wp\/v2\/types\/post"}],"author":[{"embeddable":true,"href":"https:\/\/zonaroja.com.mx\/index.php?rest_route=\/wp\/v2\/users\/2"}],"replies":[{"embeddable":true,"href":"https:\/\/zonaroja.com.mx\/index.php?rest_route=%2Fwp%2Fv2%2Fcomments&post=56620"}],"version-history":[{"count":1,"href":"https:\/\/zonaroja.com.mx\/index.php?rest_route=\/wp\/v2\/posts\/56620\/revisions"}],"predecessor-version":[{"id":56622,"href":"https:\/\/zonaroja.com.mx\/index.php?rest_route=\/wp\/v2\/posts\/56620\/revisions\/56622"}],"wp:featuredmedia":[{"embeddable":true,"href":"https:\/\/zonaroja.com.mx\/index.php?rest_route=\/wp\/v2\/media\/56625"}],"wp:attachment":[{"href":"https:\/\/zonaroja.com.mx\/index.php?rest_route=%2Fwp%2Fv2%2Fmedia&parent=56620"}],"wp:term":[{"taxonomy":"category","embeddable":true,"href":"https:\/\/zonaroja.com.mx\/index.php?rest_route=%2Fwp%2Fv2%2Fcategories&post=56620"},{"taxonomy":"post_tag","embeddable":true,"href":"https:\/\/zonaroja.com.mx\/index.php?rest_route=%2Fwp%2Fv2%2Ftags&post=56620"}],"curies":[{"name":"wp","href":"https:\/\/api.w.org\/{rel}","templated":true}]}}