{"id":56636,"date":"2023-06-19T16:20:12","date_gmt":"2023-06-19T21:20:12","guid":{"rendered":"http:\/\/www.zonaroja.com.mx\/?p=56636"},"modified":"2023-06-19T16:20:16","modified_gmt":"2023-06-19T21:20:16","slug":"despide-la-ddhpo-a-20-trabajadores-niega-que-sean-injustificados","status":"publish","type":"post","link":"https:\/\/zonaroja.com.mx\/?p=56636","title":{"rendered":"Despide la DDHPO a 20 trabajadores; niega  que sean injustificados"},"content":{"rendered":"\n<p>Yuridiana Sosa\/Zona Roja.<\/p>\n\n\n\n<p>Oaxaca de Ju\u00e1rez, Oax., a 19 de junio de 2023.- Personal de la Defensor\u00eda de los Derechos Humanos del Pueblo de Oaxaca (DDHPO) se manifest\u00f3 en las instalaciones del organismo para denunciar el despido injustificado de 20 trabajadores, sin importar su antig\u00fcedad laboral.<\/p>\n\n\n\n<p>De manera in\u00e9dita, los trabajadores y trabajadoras afectadas alzaron la voz contra el organismo que dirige Elizabeth Lara Rodr\u00edguez, al cual se\u00f1alaron de violentar sus propios derechos humanos, no s\u00f3lo ante su despido, sino tambi\u00e9n para ejercer su labor sin contar con seguro m\u00e9dico o prestaciones sociales, ni seguridad, as\u00ed como cumpl\u00edan con dobles funciones.<\/p>\n\n\n\n<p>Los afectados apuntaron que el pasado 14 y 15 de junio les informaron sobre su despido justificando la falta de presupuesto -que para el ejercicio 2023 es de 41.6 millones de pesos-, sin embargo, realizan nuevas contrataciones relacionadas al \u201cpago de favores pol\u00edticos\u201d.&nbsp;<\/p>\n\n\n\n<p>Se\u00f1alaron como responsables a Rosa Catalina del Castillo Rosas directora administrativa; Jos\u00e9 Antonio \u00c1lvarez, Coordinador o Secretario Ejecutivo, y Ren\u00e9 Hern\u00e1ndez Reyes, director jur\u00eddico de la dependencia, los dos \u00faltimos sin acreditar sus funciones y quienes, adem\u00e1s, se condujeron de manera d\u00e9spota, haciendo actos de presi\u00f3n para que firmaran, mientras que la titular de la DDHPO se niega a entablar un di\u00e1logo con los afectados.<\/p>\n\n\n\n<p>El cheque que les dieron, dijeron, es s\u00f3lo por la primera quincena de junio, aunque les apuntaron que lo podr\u00edan cobrar&nbsp;hasta el 30 de junio.<\/p>\n\n\n\n<p>Ante esas circunstancias, exigieron la destituci\u00f3n inmediata de Jos\u00e9 Antonio \u00c1lvarez de Rosa Catalina del Castillo Rosas y Ren\u00e9 Hern\u00e1ndez Reyes y la reinstalaci\u00f3n de cada una de las personas trabajadoras, o en su caso una liquidaci\u00f3n conforme a derecho.<\/p>\n\n\n\n<p>VERSI\u00d3N OFICIAL<\/p>\n\n\n\n<p>El despido de 20 trabajadores de la Defensor\u00eda de los Derechos Humanos del Pueblo de Oaxaca (DDHPO) est\u00e1 sustentado en la terminaci\u00f3n del contrato laboral, se\u00f1al\u00f3 el organismo al negar que se trate de un acto injustificado.<\/p>\n\n\n\n<p>Por medio de un comunicado, la DDHPO indic\u00f3 que el despido obedece a que el pr\u00f3ximo&nbsp;30 de junio&nbsp;concluye el contrato de prestaci\u00f3n de servicios personales, celebrados a partir del&nbsp;1 de enero&nbsp;de este a\u00f1o.&nbsp;<\/p>\n\n\n\n<p>Seg\u00fan el organismo, los trabajadores ten\u00edan conocimiento de la no renovaci\u00f3n de contratos de servicios profesionales.<\/p>\n\n\n\n<figure class=\"wp-block-embed\"><div class=\"wp-block-embed__wrapper\">\n<div class=\"twitter-tweet\"><blockquote class=\"twitter-tweet\" data-lang=\"es\"><p lang=\"es\" dir=\"ltr\"><a href=\"https:\/\/twitter.com\/hashtag\/%C3%9AltimoMinuto?src=hash&amp;ref_src=twsrc%5Etfw\">#\u00daltimoMinuto<\/a><br>\u00a1In\u00e9dito! En la <a href=\"https:\/\/twitter.com\/DDHPO?ref_src=twsrc%5Etfw\">@DDHPO<\/a> violan derechos humanos de las y los trabajadores. <br>Denuncian al menos 20 despidos, presuntamente para dar espacio a \u201cpago de favores pol\u00edticos\u201d.<br>La titular, Leticia Lara Rodr\u00edguez no quiere escuchar a nadie. <a href=\"https:\/\/t.co\/JbHMH1zBhE\">pic.twitter.com\/JbHMH1zBhE<\/a><\/p>&mdash; Zona Roja Oaxaca (@ZonaRoja_Oaxaca) <a href=\"https:\/\/twitter.com\/ZonaRoja_Oaxaca\/status\/1670813003866939392?ref_src=twsrc%5Etfw\">19 de junio de 2023<\/a><\/blockquote><\/div>\n<\/div><\/figure>\n","protected":false},"excerpt":{"rendered":"<p>Yuridiana Sosa\/Zona Roja. Oaxaca de Ju\u00e1rez, Oax., a 19 de junio de 2023.- Personal de&hellip;<\/p>\n","protected":false},"author":2,"featured_media":56635,"comment_status":"closed","ping_status":"open","sticky":false,"template":"","format":"standard","meta":{"_lmt_disableupdate":"","_lmt_disable":"","_jetpack_memberships_contains_paid_content":false,"footnotes":""},"categories":[109,47],"tags":[],"class_list":["post-56636","post","type-post","status-publish","format-standard","has-post-thumbnail","hentry","category-minuto-a-minuto","category-zona-gris"],"jetpack_featured_media_url":"https:\/\/zonaroja.com.mx\/wp-content\/uploads\/2023\/06\/64294e80-3f5a-450e-a2ea-b8268acafc6a.jpg","jetpack_sharing_enabled":true,"_links":{"self":[{"href":"https:\/\/zonaroja.com.mx\/index.php?rest_route=\/wp\/v2\/posts\/56636","targetHints":{"allow":["GET"]}}],"collection":[{"href":"https:\/\/zonaroja.com.mx\/index.php?rest_route=\/wp\/v2\/posts"}],"about":[{"href":"https:\/\/zonaroja.com.mx\/index.php?rest_route=\/wp\/v2\/types\/post"}],"author":[{"embeddable":true,"href":"https:\/\/zonaroja.com.mx\/index.php?rest_route=\/wp\/v2\/users\/2"}],"replies":[{"embeddable":true,"href":"https:\/\/zonaroja.com.mx\/index.php?rest_route=%2Fwp%2Fv2%2Fcomments&post=56636"}],"version-history":[{"count":1,"href":"https:\/\/zonaroja.com.mx\/index.php?rest_route=\/wp\/v2\/posts\/56636\/revisions"}],"predecessor-version":[{"id":56637,"href":"https:\/\/zonaroja.com.mx\/index.php?rest_route=\/wp\/v2\/posts\/56636\/revisions\/56637"}],"wp:featuredmedia":[{"embeddable":true,"href":"https:\/\/zonaroja.com.mx\/index.php?rest_route=\/wp\/v2\/media\/56635"}],"wp:attachment":[{"href":"https:\/\/zonaroja.com.mx\/index.php?rest_route=%2Fwp%2Fv2%2Fmedia&parent=56636"}],"wp:term":[{"taxonomy":"category","embeddable":true,"href":"https:\/\/zonaroja.com.mx\/index.php?rest_route=%2Fwp%2Fv2%2Fcategories&post=56636"},{"taxonomy":"post_tag","embeddable":true,"href":"https:\/\/zonaroja.com.mx\/index.php?rest_route=%2Fwp%2Fv2%2Ftags&post=56636"}],"curies":[{"name":"wp","href":"https:\/\/api.w.org\/{rel}","templated":true}]}}