{"id":56638,"date":"2023-06-19T19:36:51","date_gmt":"2023-06-20T00:36:51","guid":{"rendered":"http:\/\/www.zonaroja.com.mx\/?p=56638"},"modified":"2023-06-19T19:36:55","modified_gmt":"2023-06-20T00:36:55","slug":"en-visita-proselitista-de-corcholatas-oaxaca-un-caos-por-bloqueos-y-protestas","status":"publish","type":"post","link":"https:\/\/zonaroja.com.mx\/?p=56638","title":{"rendered":"En visita proselitista de \u201ccorcholatas\u201d, Oaxaca un caos por bloqueos y protestas"},"content":{"rendered":"\n<p>Yuridiana Sosa\/Zona Roja.<\/p>\n\n\n\n<p>Oaxaca de Ju\u00e1rez, Oax., a 19 de junio de 2023.- Las protestas en Oaxaca, contra el gobierno de encabeza Salom\u00f3 Jara, volvieron a causar graves afectaciones en las regiones de la Mixteca, Istmo, Costa, Sierra de Flores Mag\u00f3n y hasta en el propio Palacio de Gobierno en la capital oaxaque\u00f1a.<\/p>\n\n\n\n<p>Desde temprana hora, en el marco de a visita de dos \u201ccorcholatas\u201d, Claudia Sheinbaum y Gerardo Fern\u00e1ndez Noro\u00f1a, el Movimiento de Unificaci\u00f3n y Lucha Triqui (MULT) arranc\u00f3 sus movilizaciones desde el z\u00f3calo de la capital y las cuales se extendieron en el interior del estado.<\/p>\n\n\n\n<p>El jornada es para exigir justicia por el asesinato en una emboscada de dos mujeres ind\u00edgenas triquis de su organizaci\u00f3n, Licerina C. M., y Gertrudis C. de J., el15 de junio, en el trayecto a Tierra Blanca Copala, Santiago Juxtlahuaca.<\/p>\n\n\n\n<p>Acompa\u00f1ada de otras organizaciones sociales, el MULT realiz\u00f3 un mitin frente a Palacio de Gobierno y m\u00e1s tarde cerraron los accesos al Palacio de Gobierno, donde quedaron retenidos funcionarios estatales, incluyendo el gobernador Jara Cruz.<\/p>\n\n\n\n<p>Al mediod\u00eda, ante la desatenci\u00f3n de la Secretar\u00eda de Gobierno y la negativa de una reuni\u00f3n directamente con el gobernador Jara Cruz, integrantes del MULT y organizaciones sociales bloquearon los tres accesos al Palacio de Gobierno, dejando retenidos a funcionarios estatales y federales por m\u00e1s de una hora.<\/p>\n\n\n\n<figure class=\"wp-block-embed is-type-rich is-provider-twitter wp-block-embed-twitter\"><div class=\"wp-block-embed__wrapper\">\n<div class=\"twitter-tweet\"><blockquote class=\"twitter-tweet\" data-lang=\"es\"><p lang=\"es\" dir=\"ltr\">La crisis e irritaci\u00f3n social tambi\u00e9n se refleja en el interior del estado de <a href=\"https:\/\/twitter.com\/hashtag\/Oaxaca?src=hash&amp;ref_src=twsrc%5Etfw\">#Oaxaca<\/a>, ante la indolencia gubernamental. <br>Hay bloqueos carreteros en las regiones Mixteca, Costa e Istmo. <a href=\"https:\/\/t.co\/btnnrDSPiD\">pic.twitter.com\/btnnrDSPiD<\/a><\/p>&mdash; Zona Roja Oaxaca (@ZonaRoja_Oaxaca) <a href=\"https:\/\/twitter.com\/ZonaRoja_Oaxaca\/status\/1670856657411231747?ref_src=twsrc%5Etfw\">19 de junio de 2023<\/a><\/blockquote><\/div>\n<\/div><\/figure>\n\n\n\n<p>EN REGIONES<\/p>\n\n\n\n<p>La protesta del MULT tambi\u00e9n se registr\u00f3 con un bloqueo en la carretera 135 a la altura de la calle Hidalgo, en San Juan Bautista Cuicatl\u00e1n, en la regi\u00f3n de Sierra de Flores Mag\u00f3n, antes Ca\u00f1ada.<\/p>\n\n\n\n<p>As\u00ed como en sobre la carretera federal 190, en inmediaciones de la desviaci\u00f3n a Tezoatl\u00e1n de Segura y Luna en la regi\u00f3n de la Mixteca que impide la circulaci\u00f3n Huajuapan- Oaxaca; los manifestantes acordaron dar paso cada tres horas.<\/p>\n\n\n\n<p>Otras movilizaciones en las regiones estuvieron a cargo de la Secci\u00f3n 22 del SNTE, colectivos y organizaciones por el s\u00e9ptimo aniversario del ataque de las fuerzas policiales federales y estatales al bloqueo de Nochixtl\u00e1n por la reforma educativa, en el que se registraron decesos y lesionados. Hechos que siguen impunes y por los que exigen justicia.<\/p>\n\n\n\n<p>Una de las protestas se registr\u00f3 en Tlaxiaco, donde los participantes realizaron una marcha del punto conocido como El Capul\u00edn hacia el centro de la ciudad, la cual fue encabezada por el magisterio.<\/p>\n\n\n\n<p>La movilizaci\u00f3n masiva por esta causa se llev\u00f3 a cabo en Asunci\u00f3n Nochixtl\u00e1n, donde la gremial y organizaciones y v\u00edctimas marcharon del centro del municipio al lugar de los hechos.<\/p>\n\n\n\n<p>Otros bloqueos en este inicio de semana ocurrieron en la entrada a la poblaci\u00f3n de Magdalena Tequisistl\u00e1n en la regi\u00f3n del Istmo de Tehuantepec y otro en la regi\u00f3n Costa, sobre la carretera federal 200 en R\u00edo Grande Tututepec.&nbsp;<\/p>\n\n\n\n<p>Un bloqueo carretero m\u00e1s ocurri\u00f3 en la zona norte del Istmo de Tehuantepec, en que habitantes de Zihualtepec bloquearon la vialidad por la problem\u00e1tica con la cabecera municipal, San Juan Cotzoc\u00f3n Mixe.<\/p>\n","protected":false},"excerpt":{"rendered":"<p>Yuridiana Sosa\/Zona Roja. Oaxaca de Ju\u00e1rez, Oax., a 19 de junio de 2023.- Las protestas&hellip;<\/p>\n","protected":false},"author":2,"featured_media":56639,"comment_status":"closed","ping_status":"open","sticky":false,"template":"","format":"standard","meta":{"_lmt_disableupdate":"","_lmt_disable":"","_jetpack_memberships_contains_paid_content":false,"footnotes":""},"categories":[109,47],"tags":[],"class_list":["post-56638","post","type-post","status-publish","format-standard","has-post-thumbnail","hentry","category-minuto-a-minuto","category-zona-gris"],"jetpack_featured_media_url":"https:\/\/zonaroja.com.mx\/wp-content\/uploads\/2023\/06\/Bloqueos-MULT-Oaxaca.jpeg","jetpack_sharing_enabled":true,"_links":{"self":[{"href":"https:\/\/zonaroja.com.mx\/index.php?rest_route=\/wp\/v2\/posts\/56638","targetHints":{"allow":["GET"]}}],"collection":[{"href":"https:\/\/zonaroja.com.mx\/index.php?rest_route=\/wp\/v2\/posts"}],"about":[{"href":"https:\/\/zonaroja.com.mx\/index.php?rest_route=\/wp\/v2\/types\/post"}],"author":[{"embeddable":true,"href":"https:\/\/zonaroja.com.mx\/index.php?rest_route=\/wp\/v2\/users\/2"}],"replies":[{"embeddable":true,"href":"https:\/\/zonaroja.com.mx\/index.php?rest_route=%2Fwp%2Fv2%2Fcomments&post=56638"}],"version-history":[{"count":1,"href":"https:\/\/zonaroja.com.mx\/index.php?rest_route=\/wp\/v2\/posts\/56638\/revisions"}],"predecessor-version":[{"id":56640,"href":"https:\/\/zonaroja.com.mx\/index.php?rest_route=\/wp\/v2\/posts\/56638\/revisions\/56640"}],"wp:featuredmedia":[{"embeddable":true,"href":"https:\/\/zonaroja.com.mx\/index.php?rest_route=\/wp\/v2\/media\/56639"}],"wp:attachment":[{"href":"https:\/\/zonaroja.com.mx\/index.php?rest_route=%2Fwp%2Fv2%2Fmedia&parent=56638"}],"wp:term":[{"taxonomy":"category","embeddable":true,"href":"https:\/\/zonaroja.com.mx\/index.php?rest_route=%2Fwp%2Fv2%2Fcategories&post=56638"},{"taxonomy":"post_tag","embeddable":true,"href":"https:\/\/zonaroja.com.mx\/index.php?rest_route=%2Fwp%2Fv2%2Ftags&post=56638"}],"curies":[{"name":"wp","href":"https:\/\/api.w.org\/{rel}","templated":true}]}}