{"id":5664,"date":"2019-11-12T09:07:59","date_gmt":"2019-11-12T15:07:59","guid":{"rendered":"http:\/\/www.zonaroja.com.mx\/?p=5664"},"modified":"2019-11-12T09:08:02","modified_gmt":"2019-11-12T15:08:02","slug":"grave-inseguridad-balean-a-mujer-afuera-del-cine-en-la-capital-colocan-narcomanta","status":"publish","type":"post","link":"https:\/\/zonaroja.com.mx\/?p=5664","title":{"rendered":"Grave inseguridad: balean a mujer afuera del cine en la capital; colocan \u201cnarcomanta\u201d"},"content":{"rendered":"\n<p>Redacci\u00f3n\/Zona Roja.<\/p>\n\n\n\n<p>Oaxaca de Ju\u00e1rez, Oax., 12 de noviembre\nde 2019.- A unas horas que el gobernador Alejandro Murar rinda su Tercer\nInforme, la inseguridad se agrava en Oaxaca.<\/p>\n\n\n\n<p>Anoche una mujer fue atacada a balazos\nafuera de un cine de la ciudad de Oaxaca y fue asaltado una tienda Oxxo en San\nJuan Bautista Tuxtepec, mientras que la madrugada de hoy colocaron una \u201cnarcomanta\u201d\nen inmediaciones de la Villa de Zaachila.<\/p>\n\n\n\n<p>Cerca de las 23:00 horas, Aleyda C. M., de 21 a\u00f1os de edad, sal\u00eda del cine en Plaza Oaxaca, ubicado en la agencia de Candiani, junto con su mam\u00e1 y dos amigos; cuando sub\u00eda a su auto marca Mazda, un solitario individuo lleg\u00f3 y dispar\u00f3 directo al parabrisas.<\/p>\n\n\n\n<figure class=\"wp-block-image\"><img decoding=\"async\" width=\"768\" height=\"1024\" src=\"http:\/\/www.zonaroja.com.mx\/wp-content\/uploads\/2019\/11\/d3387ed5-eff6-42d9-895c-a74f575f3f22-768x1024.jpg\" alt=\"\" class=\"wp-image-5665\" srcset=\"https:\/\/zonaroja.com.mx\/wp-content\/uploads\/2019\/11\/d3387ed5-eff6-42d9-895c-a74f575f3f22-768x1024.jpg 768w, https:\/\/zonaroja.com.mx\/wp-content\/uploads\/2019\/11\/d3387ed5-eff6-42d9-895c-a74f575f3f22-225x300.jpg 225w, https:\/\/zonaroja.com.mx\/wp-content\/uploads\/2019\/11\/d3387ed5-eff6-42d9-895c-a74f575f3f22-585x780.jpg 585w, https:\/\/zonaroja.com.mx\/wp-content\/uploads\/2019\/11\/d3387ed5-eff6-42d9-895c-a74f575f3f22.jpg 960w\" sizes=\"(max-width: 768px) 100vw, 768px\" \/><\/figure>\n\n\n\n<p>La mujer presenta al menos seis\nimpactos de arma de fuego, en el pectoral derecho, en el muslo y en el brazo;\ncorporaciones de socorro llegaron al lugar para llevarla a una cl\u00ednica, donde\nesta ma\u00f1ana se reporta estable.<\/p>\n\n\n\n<p>Aleyda C. M., es originaria de Actopan,\nJalisco, y propietaria en la capital oaxaque\u00f1a de un estudio de belleza; hasta\nahora la polic\u00eda no cuenta con ninguna pista del responsable del intento de\nhomicidio.<\/p>\n\n\n\n<p>Por otra parte, una presunta \u201cnarcomanta\u201d\nfue colocada la madrugada de hoy en inmediaciones de la colonia Gonz\u00e1lez\nGuardado, en la agencia Vicente Guerrero de Zaachila; supuestamente est\u00e1\ndirigido a vendedores de droga, a quienes amenaza con acabar.<\/p>\n\n\n\n<p>Mientras que anoche, pese a los\nsupuestos operativos de seguridad, en San Juan Bautista Tuxtepec fue asaltada\nuna tienda Oxxo, ubicada en la avenida 18 de Marzo esquina con callej\u00f3n Los Reyes,\nde la colonia Santa Fe.<\/p>\n\n\n\n<p>Seg\u00fan los trabajadores, es la tercera vez que el individuo los atraca, sin que la polic\u00eda haga algo al respecto.<\/p>\n\n\n\n<figure class=\"wp-block-image\"><img decoding=\"async\" width=\"1024\" height=\"768\" src=\"http:\/\/www.zonaroja.com.mx\/wp-content\/uploads\/2019\/11\/9b28d8a4-39ff-41fe-8a1b-65df3a9be42b-1024x768.jpg\" alt=\"\" class=\"wp-image-5666\" srcset=\"https:\/\/zonaroja.com.mx\/wp-content\/uploads\/2019\/11\/9b28d8a4-39ff-41fe-8a1b-65df3a9be42b.jpg 1024w, https:\/\/zonaroja.com.mx\/wp-content\/uploads\/2019\/11\/9b28d8a4-39ff-41fe-8a1b-65df3a9be42b-300x225.jpg 300w, https:\/\/zonaroja.com.mx\/wp-content\/uploads\/2019\/11\/9b28d8a4-39ff-41fe-8a1b-65df3a9be42b-768x576.jpg 768w, https:\/\/zonaroja.com.mx\/wp-content\/uploads\/2019\/11\/9b28d8a4-39ff-41fe-8a1b-65df3a9be42b-585x439.jpg 585w\" sizes=\"(max-width: 1024px) 100vw, 1024px\" \/><\/figure>\n","protected":false},"excerpt":{"rendered":"<p>Redacci\u00f3n\/Zona Roja. Oaxaca de Ju\u00e1rez, Oax., 12 de noviembre de 2019.- A unas horas que&hellip;<\/p>\n","protected":false},"author":2,"featured_media":5667,"comment_status":"closed","ping_status":"open","sticky":false,"template":"","format":"standard","meta":{"_lmt_disableupdate":"","_lmt_disable":"","_jetpack_memberships_contains_paid_content":false,"footnotes":""},"categories":[109,51],"tags":[148,155],"class_list":["post-5664","post","type-post","status-publish","format-standard","has-post-thumbnail","hentry","category-minuto-a-minuto","category-zona-roja","tag-oaxaca-de-juarez","tag-villa-de-zaachila"],"jetpack_featured_media_url":"https:\/\/zonaroja.com.mx\/wp-content\/uploads\/2019\/11\/2041adb8-005f-45a1-8887-cf501774c880.jpg","jetpack_sharing_enabled":true,"_links":{"self":[{"href":"https:\/\/zonaroja.com.mx\/index.php?rest_route=\/wp\/v2\/posts\/5664","targetHints":{"allow":["GET"]}}],"collection":[{"href":"https:\/\/zonaroja.com.mx\/index.php?rest_route=\/wp\/v2\/posts"}],"about":[{"href":"https:\/\/zonaroja.com.mx\/index.php?rest_route=\/wp\/v2\/types\/post"}],"author":[{"embeddable":true,"href":"https:\/\/zonaroja.com.mx\/index.php?rest_route=\/wp\/v2\/users\/2"}],"replies":[{"embeddable":true,"href":"https:\/\/zonaroja.com.mx\/index.php?rest_route=%2Fwp%2Fv2%2Fcomments&post=5664"}],"version-history":[{"count":1,"href":"https:\/\/zonaroja.com.mx\/index.php?rest_route=\/wp\/v2\/posts\/5664\/revisions"}],"predecessor-version":[{"id":5668,"href":"https:\/\/zonaroja.com.mx\/index.php?rest_route=\/wp\/v2\/posts\/5664\/revisions\/5668"}],"wp:featuredmedia":[{"embeddable":true,"href":"https:\/\/zonaroja.com.mx\/index.php?rest_route=\/wp\/v2\/media\/5667"}],"wp:attachment":[{"href":"https:\/\/zonaroja.com.mx\/index.php?rest_route=%2Fwp%2Fv2%2Fmedia&parent=5664"}],"wp:term":[{"taxonomy":"category","embeddable":true,"href":"https:\/\/zonaroja.com.mx\/index.php?rest_route=%2Fwp%2Fv2%2Fcategories&post=5664"},{"taxonomy":"post_tag","embeddable":true,"href":"https:\/\/zonaroja.com.mx\/index.php?rest_route=%2Fwp%2Fv2%2Ftags&post=5664"}],"curies":[{"name":"wp","href":"https:\/\/api.w.org\/{rel}","templated":true}]}}