{"id":56641,"date":"2023-06-19T20:33:31","date_gmt":"2023-06-20T01:33:31","guid":{"rendered":"http:\/\/www.zonaroja.com.mx\/?p=56641"},"modified":"2023-06-19T20:33:34","modified_gmt":"2023-06-20T01:33:34","slug":"serian-ocho-personas-que-han-muerto-en-oaxaca-por-la-ola-de-calor","status":"publish","type":"post","link":"https:\/\/zonaroja.com.mx\/?p=56641","title":{"rendered":"Ser\u00edan ocho personas que han muerto en Oaxaca por la ola de calor"},"content":{"rendered":"\n<p>Redacci\u00f3n\/Zona Roja.<\/p>\n\n\n\n<p>Oaxaca de Ju\u00e1rez, Oax. 19 de junio de 2023.- La dependencia estatal Servicios de Salud de Oaxaca (SSO) inform\u00f3 que ascendi\u00f3 a siete el n\u00famero de personas que ha perdido la vida por enfermedades asociadas con el calor, adem\u00e1s del caso confirmado que se tiene.<\/p>\n\n\n\n<p>En un comunicado, esta tarde inform\u00f3 que, de acuerdo con el corte de este lunes 19 de junio, se tiene notificado una defunci\u00f3n confirmada por temperaturas naturales extremas de una persona del sexo masculino de 17 a\u00f1os de la localidad de Loma Bonita.&nbsp;<\/p>\n\n\n\n<p>\u201cTambi\u00e9n se cuenta con el reporte de siete decesos asociados a posible golpe de calor, por lo que se esperan los resultados de los estudios epidemiol\u00f3gicos para descartar o ratificar la causa de las muertes.<\/p>\n\n\n\n<p>\u201cDel total de fallecimientos por confirmarse, cinco corresponden al municipio de San Juan Bautista Tuxtepec, uno de Villa de Tututepec de Melchor Ocampo y uno m\u00e1s en Eloxochitl\u00e1n de Flores Mag\u00f3n\u201d, indic\u00f3.<\/p>\n\n\n\n<p>Ante la tercera ola de calor que se registrar\u00e1 en esta semana en el territorio oaxaque\u00f1o, en la que se pronostican temperaturas por arriba de los 40 grados cent\u00edgrados en diversas zonas de la entidad, la instituci\u00f3n emite recomendaciones para que la poblaci\u00f3n se mantenga alerta y tome precauciones que eviten riesgos y da\u00f1os a la salud.<\/p>\n\n\n\n<p>EL AUXILIO<\/p>\n\n\n\n<p>Detalla que un golpe de calor se deriva por la exposici\u00f3n a temperaturas extremas, por lo que el organismo de la persona es incapaz de disipar y regular la temperatura corporal.<\/p>\n\n\n\n<p>Registran s\u00edntomas como temperatura corporal mayor o igual a 41 grados cent\u00edgrados, piel seca y v\u00edas respiratorias congestionadas, dolor de cabeza, taquicardia, fatiga, sed, n\u00e1useas, v\u00f3mitos, sentirse adormilado o con somnolencia, espasmos musculares, convulsiones y p\u00e9rdida de la conciencia.<\/p>\n\n\n\n<figure class=\"wp-block-embed is-type-rich is-provider-twitter wp-block-embed-twitter\"><div class=\"wp-block-embed__wrapper\">\n<div class=\"twitter-tweet\"><blockquote class=\"twitter-tweet\" data-lang=\"es\"><p lang=\"es\" dir=\"ltr\">Las consecuencias adversas por una ingesta inadecuada de agua es la deshidrataci\u00f3n, cuyos s\u00edntomas dependen del grado de deficiencia del agua, pero que, de manera general, presentan mareos, dolor de cabeza, debilidad,fatiga, boca seca y falta de apetito<br><br>Toma agua \ud83d\udca7 <a href=\"https:\/\/t.co\/lk0WTE3YAQ\">pic.twitter.com\/lk0WTE3YAQ<\/a><\/p>&mdash; Servicios de Salud (@SSO_GobOax) <a href=\"https:\/\/twitter.com\/SSO_GobOax\/status\/1670857481323413516?ref_src=twsrc%5Etfw\">19 de junio de 2023<\/a><\/blockquote><\/div>\n<\/div><\/figure>\n\n\n\n<p>Las medidas de atenci\u00f3n para las personas que registren s\u00edntomas de golpe de calor deben enfocarse a la recuperaci\u00f3n r\u00e1pida de su temperatura corporal para que esta sea lo m\u00e1s estable posible y prevenir o reducir da\u00f1o al cerebro y \u00f3rganos vitales.<\/p>\n\n\n\n<p>Ante la presencia de signos de alarma es preciso llevar al paciente a un sitio fresco y colocarle los pies en alto; despu\u00e9s llamar de inmediato al tel\u00e9fono de emergencia 911 para solicitar asistencia m\u00e9dica o acudir a la unidad de salud m\u00e1s cercana.<\/p>\n\n\n\n<p>Mientras se presenta la ayuda, se deber\u00e1 quitar el exceso de ropa de la persona afectada e intentar disminuir la temperatura corporal coloc\u00e1ndole pa\u00f1os h\u00famedos o hielo en las axilas o las ingles. Si es posible, moverla a una zona con aire acondicionado o ventilador.<\/p>\n\n\n\n<p>Detalla que el golpe de calor puede variar seg\u00fan la persona. Las m\u00e1s vulnerables son las personas mayores de 60 a\u00f1os y los menores de cinco a\u00f1os, as\u00ed como quienes tienen enfermedades cardiometab\u00f3licas.<\/p>\n\n\n\n<p>EL EXHORTO<\/p>\n\n\n\n<p>En este sentido, la instituci\u00f3n exhort\u00f3 a la poblaci\u00f3n en general a tomar abundantes l\u00edquidos, principalmente agua pura, la cual puede ser embotellada, hervida o desinfectada para mantenerse hidratado todo el d\u00eda.<\/p>\n\n\n\n<p>Evitar la exposici\u00f3n al sol por per\u00edodos prolongados, especialmente de 11:00 a 15:00 horas, que es cuando la temperatura alcanza sus niveles m\u00e1s altos; utilizar ropa ligera y de colores claros; al salir a la calle, utilizar gorra o sombrero, lentes de sol, sombrilla y protector solar.<\/p>\n\n\n\n<p>Adem\u00e1s de procurar permanecer en lugares frescos y a la sombra; ventilar el autom\u00f3vil antes de subirse y evitar que ni\u00f1as, ni\u00f1os y animales de compa\u00f1\u00eda se mantenga en su interior; lavarse las manos frecuentemente con agua y jab\u00f3n antes de comer, servir y preparar alimentos, as\u00ed como despu\u00e9s de ir al ba\u00f1o para evitar enfermedades gastrointestinales.<\/p>\n\n\n\n<p>Los Servicios de Salud pidieron el apoyo de las autoridades municipales, empresarios y comerciantes para ajustar los horarios laborales y permitir que las personas que trabajen al aire libre puedan tomar espacios para refrescarse en la sombra e hidratarse a fin de evitar complicaciones a la salud por la exposici\u00f3n directa de los rayos del sol.<\/p>\n","protected":false},"excerpt":{"rendered":"<p>Redacci\u00f3n\/Zona Roja. Oaxaca de Ju\u00e1rez, Oax. 19 de junio de 2023.- La dependencia estatal Servicios&hellip;<\/p>\n","protected":false},"author":2,"featured_media":56646,"comment_status":"closed","ping_status":"open","sticky":false,"template":"","format":"standard","meta":{"_lmt_disableupdate":"","_lmt_disable":"","_jetpack_memberships_contains_paid_content":false,"footnotes":""},"categories":[109,47],"tags":[3583],"class_list":["post-56641","post","type-post","status-publish","format-standard","has-post-thumbnail","hentry","category-minuto-a-minuto","category-zona-gris","tag-ola-de-calor"],"jetpack_featured_media_url":"https:\/\/zonaroja.com.mx\/wp-content\/uploads\/2023\/06\/Ola-de-calor-2.jpeg","jetpack_sharing_enabled":true,"_links":{"self":[{"href":"https:\/\/zonaroja.com.mx\/index.php?rest_route=\/wp\/v2\/posts\/56641","targetHints":{"allow":["GET"]}}],"collection":[{"href":"https:\/\/zonaroja.com.mx\/index.php?rest_route=\/wp\/v2\/posts"}],"about":[{"href":"https:\/\/zonaroja.com.mx\/index.php?rest_route=\/wp\/v2\/types\/post"}],"author":[{"embeddable":true,"href":"https:\/\/zonaroja.com.mx\/index.php?rest_route=\/wp\/v2\/users\/2"}],"replies":[{"embeddable":true,"href":"https:\/\/zonaroja.com.mx\/index.php?rest_route=%2Fwp%2Fv2%2Fcomments&post=56641"}],"version-history":[{"count":1,"href":"https:\/\/zonaroja.com.mx\/index.php?rest_route=\/wp\/v2\/posts\/56641\/revisions"}],"predecessor-version":[{"id":56647,"href":"https:\/\/zonaroja.com.mx\/index.php?rest_route=\/wp\/v2\/posts\/56641\/revisions\/56647"}],"wp:featuredmedia":[{"embeddable":true,"href":"https:\/\/zonaroja.com.mx\/index.php?rest_route=\/wp\/v2\/media\/56646"}],"wp:attachment":[{"href":"https:\/\/zonaroja.com.mx\/index.php?rest_route=%2Fwp%2Fv2%2Fmedia&parent=56641"}],"wp:term":[{"taxonomy":"category","embeddable":true,"href":"https:\/\/zonaroja.com.mx\/index.php?rest_route=%2Fwp%2Fv2%2Fcategories&post=56641"},{"taxonomy":"post_tag","embeddable":true,"href":"https:\/\/zonaroja.com.mx\/index.php?rest_route=%2Fwp%2Fv2%2Ftags&post=56641"}],"curies":[{"name":"wp","href":"https:\/\/api.w.org\/{rel}","templated":true}]}}