{"id":56648,"date":"2023-06-19T22:38:08","date_gmt":"2023-06-20T03:38:08","guid":{"rendered":"http:\/\/www.zonaroja.com.mx\/?p=56648"},"modified":"2023-06-19T22:38:11","modified_gmt":"2023-06-20T03:38:11","slug":"ante-omisiones-y-violaciones-organismos-civiles-presentan-agenda-de-derechos-humanos","status":"publish","type":"post","link":"https:\/\/zonaroja.com.mx\/?p=56648","title":{"rendered":"Ante omisiones y violaciones, organismos civiles presentan agenda de derechos humanos"},"content":{"rendered":"\n<p>Yuridiana Sosa\/Zona Roja<\/p>\n\n\n\n<p>Oaxaca de Ju\u00e1rez, Oax., a 19 de junio de 2023.- Con el fin de erradicar diversas violaciones a las garant\u00edas de los oaxaque\u00f1os, una veintena de colectivos present\u00f3 su Agenda de Derecho Humanos.<\/p>\n\n\n\n<p>Los organismos defensores de derechos apuestan a su trabajo sea tomado en cuenta por los tres niveles de gobierno para trazar una nueva ruta a favor de la ciudadan\u00eda en los diferentes \u00e1mbitos.<\/p>\n\n\n\n<p>En conferencia de prensa, apuntaron que pese a la diversa informaci\u00f3n en materia de derechos humanos siguen las violaciones u omisiones desde las instituciones p\u00fablicas.&nbsp;<\/p>\n\n\n\n<p>El da\u00f1o, apuntaron, es para los diferentes sectores de la sociedad, sin embargo, en muchos casos existe una doble violaci\u00f3n a sus derechos como son los casos de las personas ind\u00edgenas al no contar con el derecho de un traductor durante sus procesos en busca de justicia u otros servicios.<\/p>\n\n\n\n<p>Otras \u00e1reas en las que se registran las omisiones para garantizar los derechos son en el registro civil y centros educativos.<\/p>\n\n\n\n<p>Los colectivos agregaron que la agenda igualmente se incluyen observaciones y recomendaciones para la garant\u00edas de los derechos humanos de las mujeres, la ni\u00f1ez, diversidad sexagen\u00e9rica, afrodescendientes y migrantes.<\/p>\n\n\n\n<p>Indicaron que buscar\u00e1n reuniones con titulares de los tres poderes del Estado para hacerles entrega de la Agenda de Derechos Humanos, que fue elaborada con base en un amplio an\u00e1lisis de cada uno de los grupos participantes.<\/p>\n\n\n\n<p>En el encuentro participaron las organizaciones CAMPO, Mano Vuelta, C\u00f3digo DH, Pi\u00f1a Palmera, Barca, Idemo, Luna del Sur, Trenzando Saberes, Caminos, Las Consejeras Oaxaca Nduva Ndandi, Oaxatrans, Ser, Educa y Tequio Jur\u00eddico, entre otros.<\/p>\n\n\n\n<figure class=\"wp-block-embed is-type-rich is-provider-twitter wp-block-embed-twitter\"><div class=\"wp-block-embed__wrapper\">\n<div class=\"twitter-tweet\"><blockquote class=\"twitter-tweet\" data-lang=\"es\"><p lang=\"es\" dir=\"ltr\">La constante que han detectado los organismos de la sociedad civil es violaciones a los derechos humanos en todos los segmentos sociales, pero principalmente en ind\u00edgenas y grupos vulnerables, confirmaron integrantes de la Agenda de Derechos Humanos de Oaxaca. <a href=\"https:\/\/t.co\/pgAOXyIbXI\">pic.twitter.com\/pgAOXyIbXI<\/a><\/p>&mdash; Zona Roja Oaxaca (@ZonaRoja_Oaxaca) <a href=\"https:\/\/twitter.com\/ZonaRoja_Oaxaca\/status\/1670868248152113168?ref_src=twsrc%5Etfw\">19 de junio de 2023<\/a><\/blockquote><\/div>\n<\/div><\/figure>\n","protected":false},"excerpt":{"rendered":"<p>Yuridiana Sosa\/Zona Roja Oaxaca de Ju\u00e1rez, Oax., a 19 de junio de 2023.- Con el&hellip;<\/p>\n","protected":false},"author":2,"featured_media":56650,"comment_status":"closed","ping_status":"open","sticky":false,"template":"","format":"standard","meta":{"_lmt_disableupdate":"","_lmt_disable":"","_jetpack_memberships_contains_paid_content":false,"footnotes":""},"categories":[109,46],"tags":[],"class_list":["post-56648","post","type-post","status-publish","format-standard","has-post-thumbnail","hentry","category-minuto-a-minuto","category-zona-blanca"],"jetpack_featured_media_url":"https:\/\/zonaroja.com.mx\/wp-content\/uploads\/2023\/06\/Agenda-de-Derechos-Humanos-organismos-civiles.jpg","jetpack_sharing_enabled":true,"_links":{"self":[{"href":"https:\/\/zonaroja.com.mx\/index.php?rest_route=\/wp\/v2\/posts\/56648","targetHints":{"allow":["GET"]}}],"collection":[{"href":"https:\/\/zonaroja.com.mx\/index.php?rest_route=\/wp\/v2\/posts"}],"about":[{"href":"https:\/\/zonaroja.com.mx\/index.php?rest_route=\/wp\/v2\/types\/post"}],"author":[{"embeddable":true,"href":"https:\/\/zonaroja.com.mx\/index.php?rest_route=\/wp\/v2\/users\/2"}],"replies":[{"embeddable":true,"href":"https:\/\/zonaroja.com.mx\/index.php?rest_route=%2Fwp%2Fv2%2Fcomments&post=56648"}],"version-history":[{"count":1,"href":"https:\/\/zonaroja.com.mx\/index.php?rest_route=\/wp\/v2\/posts\/56648\/revisions"}],"predecessor-version":[{"id":56651,"href":"https:\/\/zonaroja.com.mx\/index.php?rest_route=\/wp\/v2\/posts\/56648\/revisions\/56651"}],"wp:featuredmedia":[{"embeddable":true,"href":"https:\/\/zonaroja.com.mx\/index.php?rest_route=\/wp\/v2\/media\/56650"}],"wp:attachment":[{"href":"https:\/\/zonaroja.com.mx\/index.php?rest_route=%2Fwp%2Fv2%2Fmedia&parent=56648"}],"wp:term":[{"taxonomy":"category","embeddable":true,"href":"https:\/\/zonaroja.com.mx\/index.php?rest_route=%2Fwp%2Fv2%2Fcategories&post=56648"},{"taxonomy":"post_tag","embeddable":true,"href":"https:\/\/zonaroja.com.mx\/index.php?rest_route=%2Fwp%2Fv2%2Ftags&post=56648"}],"curies":[{"name":"wp","href":"https:\/\/api.w.org\/{rel}","templated":true}]}}