{"id":56655,"date":"2023-06-20T07:58:20","date_gmt":"2023-06-20T12:58:20","guid":{"rendered":"http:\/\/www.zonaroja.com.mx\/?p=56655"},"modified":"2023-06-20T07:58:22","modified_gmt":"2023-06-20T12:58:22","slug":"dictan-25-anos-de-prision-a-una-joven-que-violon-a-una-nina-en-oaxaca","status":"publish","type":"post","link":"https:\/\/zonaroja.com.mx\/?p=56655","title":{"rendered":"Dictan 25 a\u00f1os de prisi\u00f3n a una joven que viol\u00f3n a una ni\u00f1a en Oaxaca"},"content":{"rendered":"\n<p>Redacci\u00f3n\/Zona Roja.<\/p>\n\n\n\n<p>Oaxaca de Ju\u00e1rez, Oax., a 20 de junio de 2023.- La Fiscal\u00eda General del Estado de Oaxaca (FGEO) obtuvo una sentencia superior a 25 a\u00f1os de prisi\u00f3n en contra de una mujer identificada como F. A. R., responsable en la comisi\u00f3n del delito de Equiparado a la Violaci\u00f3n, cometido en la regi\u00f3n de la Cuenca del Papaloapan.<\/p>\n\n\n\n<p>De acuerdo con el expediente penal del caso, los hechos ocurrieron el 16 de agosto de 2019, cuando la v\u00edctima ten\u00eda cuatro a\u00f1os de edad y se encontraba en un domicilio particular del municipio de San Juan Bautista Tuxtepec.<\/p>\n\n\n\n<p>En el lugar tambi\u00e9n se encontraba la imputada, quien agredi\u00f3 sexualmente a la v\u00edctima, por lo que familiares de la ni\u00f1a acudieron ante la FGEO para realizar la denuncia correspondiente y el caso qued\u00f3 a cargo de la Vicefiscal\u00eda Regional de la Cuenca.<\/p>\n\n\n\n<p>Luego de ejecutar la orden de aprehensi\u00f3n en contra de la imputada, la Fiscal\u00eda realiz\u00f3 las investigaciones durante las cuales se obtuvieron las pruebas suficientes que se presentaron ante el Juez que atiende la causa, quien dict\u00f3 sentencia condenatoria a F. A. R., quien pasar\u00e1 25 a\u00f1os y seis meses en prisi\u00f3n, adem\u00e1s que se le impuso el pago de una multa y la reparaci\u00f3n del da\u00f1o.<\/p>\n\n\n\n<p>En casos de agresiones sexuales contra ni\u00f1as, ni\u00f1os y adolescentes, la Fiscal\u00eda de Oaxaca tiene una pol\u00edtica de cero tolerancia contra los agresores, por lo que se realizan investigaciones a cargo de un equipo especializado para castigar a los responsables en la comisi\u00f3n de este tipo de delitos.<\/p>\n\n\n\n<p>VINCULADO A PROCESO<\/p>\n\n\n\n<p>En otro caso, la Fiscal\u00eda General del Estado obtuvo auto de vinculaci\u00f3n a proceso en contra de dos personas del sexo masculino identificadas como J. C. G. y J. C. R., por el delito de Robo Espec\u00edfico por Equiparaci\u00f3n cometido en agravio de una empresa, en hechos ocurridos en la regi\u00f3n de la Sierra Norte.<\/p>\n\n\n\n<p>De acuerdo con la causa penal del caso, los imputados fueron detenidos por elementos de la Agencia Estatal de Investigaciones (AEI) sobre la carretera Oaxaca-Tuxtepec, en el tramo que pasa por el municipio de Ixtl\u00e1n de Ju\u00e1rez, por circular a bordo de un veh\u00edculo de motor reportado como robado en San Juan Bautista Tuxtepec.<\/p>\n\n\n\n<p>Ante los hechos, la Vicefiscal\u00eda General de Control Regional llev\u00f3 a audiencia de control de detenci\u00f3n a los imputados, los cuales quedaron a disposici\u00f3n del Juez de Control de la Sierra Norte, quien despu\u00e9s de escuchar los datos de prueba aportados por la Fiscal\u00eda, decidi\u00f3 vincularlos a proceso, por lo que impuso como medida cautelar la prisi\u00f3n preventiva justificada, adem\u00e1s que otorg\u00f3 dos meses como plazo para cierre de la investigaci\u00f3n<\/p>\n\n\n\n<p>Para la Fiscal\u00eda de Oaxaca, la denuncia oportuna permite iniciar investigaciones y acciones inmediatas para dar resultados tangibles a las v\u00edctimas.<\/p>\n","protected":false},"excerpt":{"rendered":"<p>Redacci\u00f3n\/Zona Roja. Oaxaca de Ju\u00e1rez, Oax., a 20 de junio de 2023.- La Fiscal\u00eda General&hellip;<\/p>\n","protected":false},"author":2,"featured_media":3970,"comment_status":"closed","ping_status":"open","sticky":false,"template":"","format":"standard","meta":{"_lmt_disableupdate":"","_lmt_disable":"","_jetpack_memberships_contains_paid_content":false,"footnotes":""},"categories":[109,46],"tags":[494],"class_list":["post-56655","post","type-post","status-publish","format-standard","has-post-thumbnail","hentry","category-minuto-a-minuto","category-zona-blanca","tag-fiscalia-general-del-estado-de-oaxaca"],"jetpack_featured_media_url":"https:\/\/zonaroja.com.mx\/wp-content\/uploads\/2019\/09\/agresi\u00f3n-sexual.jpg","jetpack_sharing_enabled":true,"_links":{"self":[{"href":"https:\/\/zonaroja.com.mx\/index.php?rest_route=\/wp\/v2\/posts\/56655","targetHints":{"allow":["GET"]}}],"collection":[{"href":"https:\/\/zonaroja.com.mx\/index.php?rest_route=\/wp\/v2\/posts"}],"about":[{"href":"https:\/\/zonaroja.com.mx\/index.php?rest_route=\/wp\/v2\/types\/post"}],"author":[{"embeddable":true,"href":"https:\/\/zonaroja.com.mx\/index.php?rest_route=\/wp\/v2\/users\/2"}],"replies":[{"embeddable":true,"href":"https:\/\/zonaroja.com.mx\/index.php?rest_route=%2Fwp%2Fv2%2Fcomments&post=56655"}],"version-history":[{"count":1,"href":"https:\/\/zonaroja.com.mx\/index.php?rest_route=\/wp\/v2\/posts\/56655\/revisions"}],"predecessor-version":[{"id":56656,"href":"https:\/\/zonaroja.com.mx\/index.php?rest_route=\/wp\/v2\/posts\/56655\/revisions\/56656"}],"wp:featuredmedia":[{"embeddable":true,"href":"https:\/\/zonaroja.com.mx\/index.php?rest_route=\/wp\/v2\/media\/3970"}],"wp:attachment":[{"href":"https:\/\/zonaroja.com.mx\/index.php?rest_route=%2Fwp%2Fv2%2Fmedia&parent=56655"}],"wp:term":[{"taxonomy":"category","embeddable":true,"href":"https:\/\/zonaroja.com.mx\/index.php?rest_route=%2Fwp%2Fv2%2Fcategories&post=56655"},{"taxonomy":"post_tag","embeddable":true,"href":"https:\/\/zonaroja.com.mx\/index.php?rest_route=%2Fwp%2Fv2%2Ftags&post=56655"}],"curies":[{"name":"wp","href":"https:\/\/api.w.org\/{rel}","templated":true}]}}