{"id":56658,"date":"2023-06-20T10:30:00","date_gmt":"2023-06-20T15:30:00","guid":{"rendered":"http:\/\/www.zonaroja.com.mx\/?p=56658"},"modified":"2023-06-20T10:41:08","modified_gmt":"2023-06-20T15:41:08","slug":"la-fgr-presentara-una-queja-ante-la-cjf-contra-un-juez-federal-de-oaxaca-por-irregularidades","status":"publish","type":"post","link":"https:\/\/zonaroja.com.mx\/?p=56658","title":{"rendered":"La FGR presentar\u00e1 una queja ante la CJF contra un juez federal de Oaxaca por irregularidades"},"content":{"rendered":"\n<p>Redacci\u00f3n\/Zona Roja Cdmx.<\/p>\n\n\n\n<p>Ciudad de M\u00e9xico, a 20 de junio de 2023.- La Fiscal\u00eda General de la Rep\u00fablica (FGR) inform\u00f3 que presentar\u00e1 una queja ante el Consejo de la Judicatura Federal (CJF) contra el juez de Control del Centro de Justicia Penal Federal en Oaxaca, \u00c1lvaro Ni\u00f1o Cruz.<\/p>\n\n\n\n<p>El \u00f3rgano aut\u00f3nomo, a cargo del fiscal Alejandro Gertz Manero, indic\u00f3 que se han detectado, por lo menos en cinco casos, irregularidades en el actuar del juzgador en investigaciones relacionadas con la masacre de Nochixtl\u00e1n ocurrida en 2016, con detenidos por narcotr\u00e1fico y el incumplimiento de resoluciones de amparo.<\/p>\n\n\n\n<p>En junio de 2016 ocurrieron los hechos de Asunci\u00f3n Nochixtl\u00e1n, un operativo de la entonces Polic\u00eda Federal que reprimieron las protestas de integrantes de la Secci\u00f3n 2 del Sindicato Nacional de Trabajadores de la Educaci\u00f3n (SNTE), con un saldo de seis civiles fallecidos y 27 heridos por disparo de arma de fuego.<\/p>\n\n\n\n<p>En relaci\u00f3n con estos hechos, la FGR detall\u00f3 en un comunicado que en noviembre de 2022 se imput\u00f3 a dos ex mandos de la Polic\u00eda Federal y solicit\u00f3 que permanecieran en prisi\u00f3n preventiva, sin embargo, el juez Ni\u00f1o Cruz determin\u00f3 que siguieran su proceso en libertad y se les fij\u00f3 una garant\u00eda de \u00fanicamente 20 mil pesos, lo que se consider\u00f3 contrario a la Constituci\u00f3n y al procedimiento penal.<\/p>\n\n\n\n<p>Sobre los mismos hechos, explic\u00f3 la FGR, el juzgador decidi\u00f3 no imponer medidas de restricci\u00f3n de la libertad en contra del encargado del Segundo Agrupamiento de la Divisi\u00f3n de Gendarmer\u00eda, a quien se le imput\u00f3 el delito de lesiones por disparo de armas de fuego.<\/p>\n\n\n\n<p>\u00danicamente le se\u00f1al\u00f3 la obligaci\u00f3n de presentarse mensualmente ante el \u00f3rgano jurisdiccional durante su proceso penal\u201d, detall\u00f3 la FGR.<\/p>\n\n\n\n<p>El \u00f3rgano aut\u00f3nomo agreg\u00f3 que en la misma audiencia no se vincul\u00f3 a proceso a un polic\u00eda estatal, se\u00f1alado por uno de los testigos del homicidio en contra de uno manifestantes en las protesta de Asunci\u00f3n Nochixtl\u00e1n de la Secci\u00f3n 2 del SNTE.<\/p>\n\n\n\n<p>En otro caso, el juez Ni\u00f1o Cruz dej\u00f3 en libertad a cuatro personas detenidas en una embarcaci\u00f3n con 60 kilos de coca\u00edna, en las Costas de Huatulco, por parte de elementos de la Secretar\u00eda de Marina-Armada de M\u00e9xico, con el argumento de excesos en la captura.<\/p>\n\n\n\n<p>Por \u00faltimo, explic\u00f3 la FGR, en mayo de este a\u00f1o, Ni\u00f1o Cruz neg\u00f3 a la Fiscal\u00eda General de la Rep\u00fablica vincular a proceso al jefe de la Unidad de Asuntos Jur\u00eddicos del Registro Civil y al director del Registro Civil de Oaxaca, por incumplimiento en una resoluci\u00f3n de un juez de amparo.<\/p>\n\n\n\n<p>(Informaci\u00f3n de \u201cExc\u00e9lsior\u201d)<\/p>\n","protected":false},"excerpt":{"rendered":"<p>Redacci\u00f3n\/Zona Roja Cdmx. Ciudad de M\u00e9xico, a 20 de junio de 2023.- La Fiscal\u00eda General&hellip;<\/p>\n","protected":false},"author":2,"featured_media":56673,"comment_status":"closed","ping_status":"open","sticky":false,"template":"","format":"standard","meta":{"_lmt_disableupdate":"","_lmt_disable":"","_jetpack_memberships_contains_paid_content":false,"footnotes":""},"categories":[109,46],"tags":[3584],"class_list":["post-56658","post","type-post","status-publish","format-standard","has-post-thumbnail","hentry","category-minuto-a-minuto","category-zona-blanca","tag-juez-alvaro-nino-cruz"],"jetpack_featured_media_url":"https:\/\/zonaroja.com.mx\/wp-content\/uploads\/2023\/06\/1e1abaf3-509f-4d44-a055-e6ae9da14250.jpg","jetpack_sharing_enabled":true,"_links":{"self":[{"href":"https:\/\/zonaroja.com.mx\/index.php?rest_route=\/wp\/v2\/posts\/56658","targetHints":{"allow":["GET"]}}],"collection":[{"href":"https:\/\/zonaroja.com.mx\/index.php?rest_route=\/wp\/v2\/posts"}],"about":[{"href":"https:\/\/zonaroja.com.mx\/index.php?rest_route=\/wp\/v2\/types\/post"}],"author":[{"embeddable":true,"href":"https:\/\/zonaroja.com.mx\/index.php?rest_route=\/wp\/v2\/users\/2"}],"replies":[{"embeddable":true,"href":"https:\/\/zonaroja.com.mx\/index.php?rest_route=%2Fwp%2Fv2%2Fcomments&post=56658"}],"version-history":[{"count":1,"href":"https:\/\/zonaroja.com.mx\/index.php?rest_route=\/wp\/v2\/posts\/56658\/revisions"}],"predecessor-version":[{"id":56659,"href":"https:\/\/zonaroja.com.mx\/index.php?rest_route=\/wp\/v2\/posts\/56658\/revisions\/56659"}],"wp:featuredmedia":[{"embeddable":true,"href":"https:\/\/zonaroja.com.mx\/index.php?rest_route=\/wp\/v2\/media\/56673"}],"wp:attachment":[{"href":"https:\/\/zonaroja.com.mx\/index.php?rest_route=%2Fwp%2Fv2%2Fmedia&parent=56658"}],"wp:term":[{"taxonomy":"category","embeddable":true,"href":"https:\/\/zonaroja.com.mx\/index.php?rest_route=%2Fwp%2Fv2%2Fcategories&post=56658"},{"taxonomy":"post_tag","embeddable":true,"href":"https:\/\/zonaroja.com.mx\/index.php?rest_route=%2Fwp%2Fv2%2Ftags&post=56658"}],"curies":[{"name":"wp","href":"https:\/\/api.w.org\/{rel}","templated":true}]}}