{"id":56669,"date":"2023-06-20T14:11:00","date_gmt":"2023-06-20T19:11:00","guid":{"rendered":"http:\/\/www.zonaroja.com.mx\/?p=56669"},"modified":"2023-06-20T09:14:08","modified_gmt":"2023-06-20T14:14:08","slug":"ataque-a-cisjordania-deja-6-palestinos-muertos-y-91-lesionados","status":"publish","type":"post","link":"https:\/\/zonaroja.com.mx\/?p=56669","title":{"rendered":"Ataque a Cisjordania deja 6 palestinos muertos y 91 lesionados"},"content":{"rendered":"\n<p>Redacci\u00f3n\/Zona Roja Cdmx.<\/p>\n\n\n\n<p>Ciudad de M\u00e9xico, a 20 de marzo de 2023.- Seis palestinos murieron y 91 resultaron heridos ayer en Cisjordania reocupada, en enfrentamientos ocurridos durante una incursi\u00f3n del ej\u00e9rcito de Israel en el campo de refugiados de esta localidad, que fue objeto de disparos de misiles desde un helic\u00f3ptero. Siete militares israel\u00edes resultaron heridos en la operaci\u00f3n.<\/p>\n\n\n\n<p>Desde principios de a\u00f1o, al menos 163 palestinos, 21 israel\u00edes, una ucrania y un italiano han muerto en el contexto del conflicto israel\u00ed-palestino, seg\u00fan un recuento de AFP a partir de fuentes oficiales de ambos bandos.<\/p>\n\n\n\n<p>El ministerio palestino de Salud confirm\u00f3 el saldo de cinco decesos y al menos 91 heridos. Entre las v\u00edctimas mortales se encuentra Qassam Abu Saria, de 29 a\u00f1os, combatiente de la Yihad Isl\u00e1mica, indic\u00f3 el grupo islamita en un comunicado.<\/p>\n\n\n\n<p>Adem\u00e1s, en la localidad cisjordana de Husan, Zakaria Mohamed al Zaul, de 20 a\u00f1os, fue abatido de un disparo en la cabeza durante un enfrentamiento con soldados israel\u00edes.<\/p>\n\n\n\n<p>En Jenin miles de personas participaron en los funerales. Un cortejo llev\u00f3 los cad\u00e1veres hasta el cementerio local, indic\u00f3 el peri\u00f3dico palestino Al Quds.<\/p>\n\n\n\n<p>El gobernador adjunto de la provincia de Jenin, Kamal Abu Rub, inform\u00f3 que el ej\u00e9rcito israel\u00ed entr\u00f3 al campo de refugiados palestinos hacia las cuatro de la tarde de ayer.<\/p>\n\n\n\n<p>Un comunicado militar israel\u00ed asegur\u00f3 que se trat\u00f3 de una operaci\u00f3n para detener a \u201csospechosos buscados\u201d, y que durante la incursi\u00f3n hubo \u201cun intenso tiroteo\u201d, tras el cual un helic\u00f3ptero dispar\u00f3 dos misiles contra \u201chombres armados para ayudar a extraer a nuestros soldados heridos\u201d.<\/p>\n\n\n\n<p>Una fuente del servicio de informaci\u00f3n palestino record\u00f3 que es la primera vez que un helic\u00f3ptero lanza misiles sobre Jenin desde 2002, durante la segunda Intifada. En esa ocasi\u00f3n, la localidad fue devastada en combates en los que murieron 52 palestinos y 23 soldados israel\u00edes.<\/p>\n\n\n\n<p>El portavoz militar israel\u00ed, Richard Hecht, inform\u00f3 que un veh\u00edculo blindado qued\u00f3 da\u00f1ado por un artefacto explosivo de una potencia \u201cmuy inusual\u201d. El Batall\u00f3n de Jenin, filial de Yihad Isl\u00e1mica, reivindic\u00f3 bombas detonadas al paso del veh\u00edculo.<\/p>\n\n\n\n<p>El ministro israel\u00ed de Defensa, Yoav Gallant, prometi\u00f3 usar \u201ctodos los medios a disposici\u00f3n para golpear a los elementos terroristas donde se encuentren\u201d.<\/p>\n\n\n\n<p>El Alto Comisionado de la Organizaci\u00f3n de Naciones Unidas para los Derechos Humanos, Volker T\u00fcrk, se declar\u00f3 \u201cpreocupado\u201d y denunci\u00f3 el \u201cuso excesivo de la fuerza\u201d y \u201chomicidios ilegales\u201d de las fuerzas israel\u00edes en Cisjordania.<\/p>\n\n\n\n<p>El emisario de la ONU para Medio Oriente, Tor Wennesland, tambi\u00e9n manifest\u00f3 ayer su \u201cprofunda preocupaci\u00f3n\u201d por la simplificaci\u00f3n del procedimiento para facilitar la colonizaci\u00f3n israel\u00ed en Cisjordania reocupada adoptada hace unos d\u00edas por Tel Aviv.<\/p>\n\n\n\n<p>Wennesland record\u00f3 la posici\u00f3n de la ONU seg\u00fan la cual \u201cel establecimiento por Israel de colonias en los territorios palestinos ocupados desde 1967, incluso en Jerusal\u00e9n Este, es ilegal y una violaci\u00f3n flagrante del derecho internacional\u201d.<\/p>\n\n\n\n<p>(Informaci\u00f3n de AFP y Europa Press en \u201cLa Jornada\u201d)<\/p>\n","protected":false},"excerpt":{"rendered":"<p>Redacci\u00f3n\/Zona Roja Cdmx. Ciudad de M\u00e9xico, a 20 de marzo de 2023.- Seis palestinos murieron&hellip;<\/p>\n","protected":false},"author":2,"featured_media":56671,"comment_status":"closed","ping_status":"open","sticky":false,"template":"","format":"standard","meta":{"_lmt_disableupdate":"","_lmt_disable":"","_jetpack_memberships_contains_paid_content":false,"footnotes":""},"categories":[109,47],"tags":[2677],"class_list":["post-56669","post","type-post","status-publish","format-standard","has-post-thumbnail","hentry","category-minuto-a-minuto","category-zona-gris","tag-guerra-israel-y-palestina"],"jetpack_featured_media_url":"https:\/\/zonaroja.com.mx\/wp-content\/uploads\/2023\/06\/Ataque-Cisjordania.jpeg","jetpack_sharing_enabled":true,"_links":{"self":[{"href":"https:\/\/zonaroja.com.mx\/index.php?rest_route=\/wp\/v2\/posts\/56669","targetHints":{"allow":["GET"]}}],"collection":[{"href":"https:\/\/zonaroja.com.mx\/index.php?rest_route=\/wp\/v2\/posts"}],"about":[{"href":"https:\/\/zonaroja.com.mx\/index.php?rest_route=\/wp\/v2\/types\/post"}],"author":[{"embeddable":true,"href":"https:\/\/zonaroja.com.mx\/index.php?rest_route=\/wp\/v2\/users\/2"}],"replies":[{"embeddable":true,"href":"https:\/\/zonaroja.com.mx\/index.php?rest_route=%2Fwp%2Fv2%2Fcomments&post=56669"}],"version-history":[{"count":1,"href":"https:\/\/zonaroja.com.mx\/index.php?rest_route=\/wp\/v2\/posts\/56669\/revisions"}],"predecessor-version":[{"id":56672,"href":"https:\/\/zonaroja.com.mx\/index.php?rest_route=\/wp\/v2\/posts\/56669\/revisions\/56672"}],"wp:featuredmedia":[{"embeddable":true,"href":"https:\/\/zonaroja.com.mx\/index.php?rest_route=\/wp\/v2\/media\/56671"}],"wp:attachment":[{"href":"https:\/\/zonaroja.com.mx\/index.php?rest_route=%2Fwp%2Fv2%2Fmedia&parent=56669"}],"wp:term":[{"taxonomy":"category","embeddable":true,"href":"https:\/\/zonaroja.com.mx\/index.php?rest_route=%2Fwp%2Fv2%2Fcategories&post=56669"},{"taxonomy":"post_tag","embeddable":true,"href":"https:\/\/zonaroja.com.mx\/index.php?rest_route=%2Fwp%2Fv2%2Ftags&post=56669"}],"curies":[{"name":"wp","href":"https:\/\/api.w.org\/{rel}","templated":true}]}}