{"id":56682,"date":"2023-06-20T20:42:28","date_gmt":"2023-06-21T01:42:28","guid":{"rendered":"http:\/\/www.zonaroja.com.mx\/?p=56682"},"modified":"2023-06-20T20:42:30","modified_gmt":"2023-06-21T01:42:30","slug":"sindicalizados-exhiben-otra-vez-inoperancia-del-gobierno-de-martinez-neri","status":"publish","type":"post","link":"https:\/\/zonaroja.com.mx\/?p=56682","title":{"rendered":"Sindicalizados exhiben, otra vez, inoperancia del gobierno de Mart\u00ednez Neri"},"content":{"rendered":"\n<p>Yuridiana Sosa\/Zona Roja.<\/p>\n\n\n\n<p>Oaxaca de Ju\u00e1rez, Oax., a 20 de junio de 2023.- La falta de soluci\u00f3n a las demandas por la revisi\u00f3n al Contrato Colectivo de Trabajo moviliz\u00f3 al Sindicato Aut\u00f3nomo del ayuntamiento Oaxaca de Ju\u00e1rez, el cual advirti\u00f3 de una huelga para el 28 de junio, de no obtener respuestas satisfactorias en las pr\u00f3ximas horas.<\/p>\n\n\n\n<p>Los trabajadores municipales iniciaron su d\u00eda de protesta contra el edil Francisco Mart\u00ednez Neri con un bloqueo en la avenida Heroico Colegio Militar de la colonia Reforma, y despu\u00e9s marcharon hasta el palacio municipal.<\/p>\n\n\n\n<p>Al grito de \u201c\u00a1Huelga!\u201d, \u201c\u00a1Huelga!\u201d, \u201c\u00a1Huelga!\u201d, llegaron los inconformes a la sede municipal, en la Plaza de la Danza, donde intensificaron sus demandas y la exigencia de una di\u00e1logo directo y de soluci\u00f3n con el edil.<\/p>\n\n\n\n<p>\u201c\u00a1Soluci\u00f3n, soluci\u00f3n, o nos vamos al plant\u00f3n!\u201d, advirtieron en un\u00edsono los sindicalizados, quienes exigen aumento salarial, prima vacacional y quinquenios, puntos que han quedado pendientes de solucionar en la revisi\u00f3n de su contrato colectivo de trabajo.<\/p>\n\n\n\n<p>Los trabajadores acusaron al gobierno de Neri de crear encono entre sindicatos, lo que ha creado ambientes laborales que antes no se viv\u00edan.<\/p>\n\n\n\n<figure class=\"wp-block-embed is-type-rich is-provider-twitter wp-block-embed-twitter\"><div class=\"wp-block-embed__wrapper\">\n<div class=\"twitter-tweet\"><blockquote class=\"twitter-tweet\" data-lang=\"es\"><p lang=\"es\" dir=\"ltr\"><a href=\"https:\/\/twitter.com\/hashtag\/%C3%9AltimoMinuto?src=hash&amp;ref_src=twsrc%5Etfw\">#\u00daltimoMinuto<\/a><br>As\u00ed llegaron los integrantes del Sindicato Aut\u00f3nomo del <a href=\"https:\/\/twitter.com\/MunicipioOaxaca?ref_src=twsrc%5Etfw\">@MunicipioOaxaca<\/a> al palacio municipal.<br>Reprochan tambi\u00e9n que desde el gobierno de <a href=\"https:\/\/twitter.com\/FMartinezNeri?ref_src=twsrc%5Etfw\">@FMartinezNeri<\/a> se eche a pelear a los gremios de trabajadores. <a href=\"https:\/\/t.co\/JiafmmYlen\">pic.twitter.com\/JiafmmYlen<\/a><\/p>&mdash; Zona Roja Oaxaca (@ZonaRoja_Oaxaca) <a href=\"https:\/\/twitter.com\/ZonaRoja_Oaxaca\/status\/1671214821155405825?ref_src=twsrc%5Etfw\">20 de junio de 2023<\/a><\/blockquote><\/div>\n<\/div><\/figure>\n\n\n\n<p>CONTRA JARA<\/p>\n\n\n\n<p>Por otra parte, este martes tambi\u00e9n se registraron protestas a puerta de Palacio de Gobierno por la falta de atenci\u00f3n y soluci\u00f3n del gobierno estatal a las organizaciones.<\/p>\n\n\n\n<p>Este d\u00eda las inconformidades fueron por parte de Antorcha Campesina y de la Uni\u00f3n Democr\u00e1tica de Pueblos y Comunidades Ind\u00edgenas (Undeci), cada una por separado.<\/p>\n\n\n\n<p>Antorcha se\u00f1al\u00f3 que las mesas de di\u00e1logo que han sostenido son insuficientes pues no son de car\u00e1cter resolutivo, por lo que exigen mesas con altos mandos que den respuestas a sus demandas.<\/p>\n\n\n\n<p>Las peticiones son obras, servicios y apoyos al campo, sin embargo, el tiempo para que se cierren las aprobaciones se agota y temen quedar sin estos beneficios.&nbsp;<\/p>\n\n\n\n<p>Por las mismas razones, Undeci tambi\u00e9n exigi\u00f3 atenci\u00f3n, pues se\u00f1al\u00f3 que en su caso no han tenido di\u00e1logo para la revisi\u00f3n de sus demandas.\u00a0<\/p>\n\n\n\n<figure class=\"wp-block-embed is-type-rich is-provider-twitter wp-block-embed-twitter\"><div class=\"wp-block-embed__wrapper\">\n<div class=\"twitter-tweet\"><blockquote class=\"twitter-tweet\" data-lang=\"es\"><p lang=\"es\" dir=\"ltr\">Dos organizaciones sociales m\u00e1s protestaron esta ma\u00f1ana en el exterior del Palacio de Gobierno, ciudad de Oaxaca.<br>Por separado, Antorcha Campesina y Undeci demandaron atenci\u00f3n a la <a href=\"https:\/\/twitter.com\/SEGO_Oax?ref_src=twsrc%5Etfw\">@SEGO_Oax<\/a>. <a href=\"https:\/\/t.co\/ja0gOcgVsl\">pic.twitter.com\/ja0gOcgVsl<\/a><\/p>&mdash; Zona Roja Oaxaca (@ZonaRoja_Oaxaca) <a href=\"https:\/\/twitter.com\/ZonaRoja_Oaxaca\/status\/1671245844945973248?ref_src=twsrc%5Etfw\">20 de junio de 2023<\/a><\/blockquote><\/div>\n<\/div><\/figure>\n","protected":false},"excerpt":{"rendered":"<p>Yuridiana Sosa\/Zona Roja. Oaxaca de Ju\u00e1rez, Oax., a 20 de junio de 2023.- La falta&hellip;<\/p>\n","protected":false},"author":2,"featured_media":56684,"comment_status":"closed","ping_status":"open","sticky":false,"template":"","format":"standard","meta":{"_lmt_disableupdate":"","_lmt_disable":"","_jetpack_memberships_contains_paid_content":false,"footnotes":""},"categories":[109,47],"tags":[2264],"class_list":["post-56682","post","type-post","status-publish","format-standard","has-post-thumbnail","hentry","category-minuto-a-minuto","category-zona-gris","tag-bloqueos-y-protestas-oaxaca"],"jetpack_featured_media_url":"https:\/\/zonaroja.com.mx\/wp-content\/uploads\/2023\/06\/Protestas-Oaxaca-sindicato-ayuntamiento.jpg","jetpack_sharing_enabled":true,"_links":{"self":[{"href":"https:\/\/zonaroja.com.mx\/index.php?rest_route=\/wp\/v2\/posts\/56682","targetHints":{"allow":["GET"]}}],"collection":[{"href":"https:\/\/zonaroja.com.mx\/index.php?rest_route=\/wp\/v2\/posts"}],"about":[{"href":"https:\/\/zonaroja.com.mx\/index.php?rest_route=\/wp\/v2\/types\/post"}],"author":[{"embeddable":true,"href":"https:\/\/zonaroja.com.mx\/index.php?rest_route=\/wp\/v2\/users\/2"}],"replies":[{"embeddable":true,"href":"https:\/\/zonaroja.com.mx\/index.php?rest_route=%2Fwp%2Fv2%2Fcomments&post=56682"}],"version-history":[{"count":1,"href":"https:\/\/zonaroja.com.mx\/index.php?rest_route=\/wp\/v2\/posts\/56682\/revisions"}],"predecessor-version":[{"id":56685,"href":"https:\/\/zonaroja.com.mx\/index.php?rest_route=\/wp\/v2\/posts\/56682\/revisions\/56685"}],"wp:featuredmedia":[{"embeddable":true,"href":"https:\/\/zonaroja.com.mx\/index.php?rest_route=\/wp\/v2\/media\/56684"}],"wp:attachment":[{"href":"https:\/\/zonaroja.com.mx\/index.php?rest_route=%2Fwp%2Fv2%2Fmedia&parent=56682"}],"wp:term":[{"taxonomy":"category","embeddable":true,"href":"https:\/\/zonaroja.com.mx\/index.php?rest_route=%2Fwp%2Fv2%2Fcategories&post=56682"},{"taxonomy":"post_tag","embeddable":true,"href":"https:\/\/zonaroja.com.mx\/index.php?rest_route=%2Fwp%2Fv2%2Ftags&post=56682"}],"curies":[{"name":"wp","href":"https:\/\/api.w.org\/{rel}","templated":true}]}}