{"id":56686,"date":"2023-06-20T20:44:21","date_gmt":"2023-06-21T01:44:21","guid":{"rendered":"http:\/\/www.zonaroja.com.mx\/?p=56686"},"modified":"2023-06-20T20:44:24","modified_gmt":"2023-06-21T01:44:24","slug":"recibe-poder-legislativo-de-oaxaca-visita-de-diplomaticos-de-china","status":"publish","type":"post","link":"https:\/\/zonaroja.com.mx\/?p=56686","title":{"rendered":"Recibe Poder Legislativo de Oaxaca visita de diplom\u00e1ticos de China"},"content":{"rendered":"\n<p>Redacci\u00f3n\/Zona Roja.<\/p>\n\n\n\n<p>Oaxaca de Ju\u00e1rez, Oax., a 20 de junio de 2023.- Diputadas y diputados de Oaxaca, encabezados por Luis Alfonso Silva Romo, presidente de la Junta de Coordinaci\u00f3n Pol\u00edtica (Jucopo), recibieron en la sede del Congreso del Estado al embajador de China en M\u00e9xico, Zhang Run, y a un grupo de empresarios originarios del pa\u00eds asi\u00e1tico.<\/p>\n\n\n\n<p>Durante el encuentro, Silva Romo les inform\u00f3 sobre la integraci\u00f3n de la 65 Legislatura local, la cual est\u00e1 conformada por ocho fuerzas pol\u00edticas.<\/p>\n\n\n\n<p>\u201cLa mayor parte de legisladores somos en primer lugar nacionalistas, somos patriotas, y en efecto, creemos en las posibilidades de reducir la pobreza\u201d, expres\u00f3.<\/p>\n\n\n\n<p>Adem\u00e1s reconoci\u00f3 a la naci\u00f3n de China como un pa\u00eds que ha trabajado para la reducci\u00f3n de la pobreza.<\/p>\n\n\n\n<p>\u201cChina es un ejemplo de c\u00f3mo a trav\u00e9s de este sistema de econom\u00eda mixta o doble circularidad ha logrado sacar a la mayor cantidad de personas de la pobreza en los \u00faltimos 30 a\u00f1os, eso es una lecci\u00f3n que todos los pueblos del mundo debemos aprender\u201d, expres\u00f3.<\/p>\n\n\n\n<p>En la reuni\u00f3n, el embajador de China manifest\u00f3 el inter\u00e9s de ese pa\u00eds por invertir en el desarrollo de infraestructura principalmente en el Istmo de Tehuantepec en lo que se refiere a los parques industriales y el Corredor Interoce\u00e1nico.<\/p>\n\n\n\n<p>Al respecto, Luis Alfonso Silva Romo consider\u00f3 que ello representa una esperanza para el beneficio de ambos pueblos: el mexicano y el chino.<\/p>\n\n\n\n<figure class=\"wp-block-embed is-type-rich is-provider-twitter wp-block-embed-twitter\"><div class=\"wp-block-embed__wrapper\">\n<div class=\"twitter-tweet\"><blockquote class=\"twitter-tweet\" data-lang=\"es\"><p lang=\"es\" dir=\"ltr\">Integrantes del <a href=\"https:\/\/twitter.com\/CongresoOaxaca_?ref_src=twsrc%5Etfw\">@CongresoOaxaca_<\/a>, encabezados por el presidente de la Junta de Coordinaci\u00f3n Pol\u00edtica, <a href=\"https:\/\/twitter.com\/LUISALFONSOSR?ref_src=twsrc%5Etfw\">@luisalfonsosr<\/a>, recibieron hoy al embajador de la Rep\u00fablica Popular de China en M\u00e9xico, Zhang Run (<a href=\"https:\/\/twitter.com\/EmbZhangRun?ref_src=twsrc%5Etfw\">@EmbZhangRun<\/a>). Este fue el mensaje de bienvenida: <a href=\"https:\/\/t.co\/Cwh3j3ZhMu\">pic.twitter.com\/Cwh3j3ZhMu<\/a><\/p>&mdash; Zona Roja Oaxaca (@ZonaRoja_Oaxaca) <a href=\"https:\/\/twitter.com\/ZonaRoja_Oaxaca\/status\/1670975937804902400?ref_src=twsrc%5Etfw\">20 de junio de 2023<\/a><\/blockquote><\/div>\n<\/div><\/figure>\n\n\n\n<p>\u201cLa transformaci\u00f3n se trata de generar lazos de coordinaci\u00f3n y amistad que fortalezcan nuestra soberan\u00eda, demostrando que M\u00e9xico y Oaxaca tienen mucho que ofrecer al mundo\u201d, resalt\u00f3.<\/p>\n\n\n\n<p>En su intervenci\u00f3n, el embajador comunic\u00f3 que su pa\u00eds est\u00e1 interesado en participar en el desarrollo de la infraestructura en el proyecto del Corredor Interoce\u00e1nico, en los parques industriales, en el turismo, entre otros rubros que promuevan la hermandad entre Oaxaca, M\u00e9xico y China.<\/p>\n\n\n\n<p>\u201cChina est\u00e1 dispuesta a promover activamente con el estado de Oaxaca el intercambio de experiencias de la gobernanza, y tambi\u00e9n en temas como la reducci\u00f3n de la pobreza, promover los intercambios y cooperaci\u00f3n en ambas \u00e1reas econ\u00f3mica-comercial, cultural-human\u00edstico, educativa, ciencia y tecnolog\u00eda, tomando en cuenta que el estado de Oaxaca se caracteriza por sus ricos recursos humanos, culturales y tambi\u00e9n tiene muchas etnias, mucha diversidad de cultura y de naturaleza\u201d, declar\u00f3.<\/p>\n\n\n\n<p>A la reuni\u00f3n asistieron las diputadas Miriam de los \u00c1ngeles V\u00e1zquez Ruiz, presidenta de la Mesa Directiva de la 65 Legislatura local; Concepci\u00f3n Rueda G\u00f3mez, X\u00f3chitl Jazm\u00edn Vel\u00e1zquez V\u00e1squez, Minerva L\u00f3pez Calder\u00f3n, as\u00ed como los diputados Horacio Sosa Villavicencio y C\u00e9sar David Mateos Ben\u00edtez; por parte del Gobierno de Oaxaca que encabeza el ingeniero Salom\u00f3n Jara Cruz, Maribel Cruz Rojas, coordinadora general de Relaciones Internacionales; y una decena de empresarios de China.<\/p>\n","protected":false},"excerpt":{"rendered":"<p>Redacci\u00f3n\/Zona Roja. Oaxaca de Ju\u00e1rez, Oax., a 20 de junio de 2023.- Diputadas y diputados&hellip;<\/p>\n","protected":false},"author":2,"featured_media":56683,"comment_status":"closed","ping_status":"open","sticky":false,"template":"","format":"standard","meta":{"_lmt_disableupdate":"","_lmt_disable":"","_jetpack_memberships_contains_paid_content":false,"footnotes":""},"categories":[109,46],"tags":[2721],"class_list":["post-56686","post","type-post","status-publish","format-standard","has-post-thumbnail","hentry","category-minuto-a-minuto","category-zona-blanca","tag-luis-alfonso-silva-romo"],"jetpack_featured_media_url":"https:\/\/zonaroja.com.mx\/wp-content\/uploads\/2023\/06\/Silva-Romo-Congreso.jpeg","jetpack_sharing_enabled":true,"_links":{"self":[{"href":"https:\/\/zonaroja.com.mx\/index.php?rest_route=\/wp\/v2\/posts\/56686","targetHints":{"allow":["GET"]}}],"collection":[{"href":"https:\/\/zonaroja.com.mx\/index.php?rest_route=\/wp\/v2\/posts"}],"about":[{"href":"https:\/\/zonaroja.com.mx\/index.php?rest_route=\/wp\/v2\/types\/post"}],"author":[{"embeddable":true,"href":"https:\/\/zonaroja.com.mx\/index.php?rest_route=\/wp\/v2\/users\/2"}],"replies":[{"embeddable":true,"href":"https:\/\/zonaroja.com.mx\/index.php?rest_route=%2Fwp%2Fv2%2Fcomments&post=56686"}],"version-history":[{"count":1,"href":"https:\/\/zonaroja.com.mx\/index.php?rest_route=\/wp\/v2\/posts\/56686\/revisions"}],"predecessor-version":[{"id":56687,"href":"https:\/\/zonaroja.com.mx\/index.php?rest_route=\/wp\/v2\/posts\/56686\/revisions\/56687"}],"wp:featuredmedia":[{"embeddable":true,"href":"https:\/\/zonaroja.com.mx\/index.php?rest_route=\/wp\/v2\/media\/56683"}],"wp:attachment":[{"href":"https:\/\/zonaroja.com.mx\/index.php?rest_route=%2Fwp%2Fv2%2Fmedia&parent=56686"}],"wp:term":[{"taxonomy":"category","embeddable":true,"href":"https:\/\/zonaroja.com.mx\/index.php?rest_route=%2Fwp%2Fv2%2Fcategories&post=56686"},{"taxonomy":"post_tag","embeddable":true,"href":"https:\/\/zonaroja.com.mx\/index.php?rest_route=%2Fwp%2Fv2%2Ftags&post=56686"}],"curies":[{"name":"wp","href":"https:\/\/api.w.org\/{rel}","templated":true}]}}