{"id":56689,"date":"2023-06-20T21:45:00","date_gmt":"2023-06-21T02:45:00","guid":{"rendered":"http:\/\/www.zonaroja.com.mx\/?p=56689"},"modified":"2023-06-20T20:46:28","modified_gmt":"2023-06-21T01:46:28","slug":"opinion-madres-buscadoras","status":"publish","type":"post","link":"https:\/\/zonaroja.com.mx\/?p=56689","title":{"rendered":"Opini\u00f3n. Madres buscadoras"},"content":{"rendered":"\n<p>N\u00e9stor Y. S\u00e1nchez Islas.<\/p>\n\n\n\n<p>Pocas cosas conmueven con tanta profundidad como el dolor de una madre por un hijo desaparecido. La desaparici\u00f3n forzada de personas en nuestro pa\u00eds es un fen\u00f3meno que denota la impunidad, la indiferencia del Estado, la invisibilidad del problema por parte de una sociedad ap\u00e1tica y la falta de&nbsp;insensibilidad de pol\u00edticos y bur\u00f3cratas que utilizan el dolor humano para llegar o mantenerse en&nbsp;el poder.<\/p>\n\n\n\n<p>La historia de la desapariciones no es nueva, sin embargo, ha dado un vuelco terrible. Las m\u00e1s conocidas desapariciones se dieron a partir de los a\u00f1os 60 y hasta los 80 del siglo pasado. La mayor\u00eda atribuidas al Estado y su brazo ejecutor, la polic\u00eda pol\u00edtica personificada por los siniestros agentes de la Direcci\u00f3n Federal de Seguridad.&nbsp;Las desapariciones de hoy en d\u00eda se atribuyen casi todas al crimen organizado.<\/p>\n\n\n\n<p>La desaparici\u00f3n de personas es una demostraci\u00f3n de poder y un claro mensaje&nbsp;amenazante. En el siglo pasado el Estado demostraba su poder ante quienes se atrev\u00edan a desafiarlo, a quienes se opon\u00edan al sistema impuesto por el r\u00e9gimen de la Revoluci\u00f3n. La historia conoce a ese per\u00edodo como \u201cla guerra sucia\u201d, que abarc\u00f3 los sexenios de Gustavo D\u00edaz Ordaz, Luis Echeverr\u00eda y Jos\u00e9 L\u00f3pez Portillo.<\/p>\n\n\n\n<p>El n\u00famero de cr\u00edmenes tambi\u00e9n ha tenido&nbsp;un enorme aumento. Se tienen registros desde el a\u00f1o de 1962. Los datos oficiales se\u00f1alan m\u00e1s de 110 mil personas desaparecidas&nbsp;hasta hoy. Pero es a partir de 2006 que el n\u00famero aument\u00f3 de manera desproporcionada puesto que en apenas 16 a\u00f1os desaparecieron 90 mil personas, de las cuales, solo en los \u00faltimos cuatro a\u00f1os han sido 30 mil.<\/p>\n\n\n\n<p>A los desaparecidos y sus familias siempre se les ha revictimizado, principalmente desde las instituciones de justicia. En los a\u00f1os de los desaparecidos pol\u00edticos se les se\u00f1alaba como asaltabancos, secuestradores, terroristas o gavilleros. Algunos de estos adjetivos han perdido el peso que tuvieron en el pasado por la normalizaci\u00f3n del&nbsp;actual&nbsp;hacia el crimen. Ahora, en la revictimizaci\u00f3n,&nbsp;a todo desaparecido le cuelgan el sambenito de narco y, cuando se trata de j\u00f3venes mujeres, con desprecio en las fiscal\u00edas les dicen a sus familiares que&nbsp;se fueron con el novio, y les dan la espalda.<\/p>\n\n\n\n<p>El Estado desaparec\u00eda opositores para desalentar la disidencia, el crimen organizado actual para infundir terror y&nbsp;apropiarse&nbsp;de ciudades y pueblos.&nbsp;Hoy el abierto coqueteo del gobierno con los criminales nos hace dif\u00edcil distinguir&nbsp;si fue el Estado o&nbsp;los&nbsp;criminales.&nbsp;En ambos casos, a las familias&nbsp;se les castiga con graves traumas de por vida.<\/p>\n\n\n\n<p>La respuesta del Estado siempre ha sido la misma: la indiferencia, impunidad y la apuesta al olvido, sin embargo, han sido precisamente los familiares de esas personas las que no han dejado que el Estado logre silenciarlos. Ha sido la lucha de las madres las que nos han&nbsp;abierto los ojos la enorme tragedia social que tenemos enfrente e ignoramos. Tenemos un elefante en la sala de nuestras casas y no&nbsp;queremos&nbsp;verlo, excepto la clase pol\u00edtica que siempre lo usar\u00e1 a conveniencia.<\/p>\n\n\n\n<p>Se ha vuelto tan cotidiano hablar de desaparecidos que por ello mismo los ignoramos,&nbsp;pero no&nbsp;quienes viven en la eterna incertidumbre, duelo y angustia por no saber si sus familiares est\u00e1n vivos o, por lo menos, para tener la certeza de saber en donde descansan sus restos. Las mujeres son quienes dan lecciones de fuerza y esperanza a pesar de ser revictimizadas por lo que hayan hecho sus&nbsp;hijos.<\/p>\n\n\n\n<p>La indiferencia del Estado las ha obligado a organizarse. Hoy existen varias colectivas de mujeres buscadoras a lo largo y ancho del pa\u00eds que,&nbsp;adem\u00e1s de la indiferencia oficial,&nbsp;viven con el temor de ser asesinadas cuando recorren caminos, campos o barrancas cavando fosas en la b\u00fasqueda de la paz que necesitan.<\/p>\n\n\n\n<p>Para estas mujeres sus hijos nunca ser\u00e1n un folio en una carpeta olvidada en alguna instancia burocr\u00e1tica. Su fuerza es tal que en muchas ocasiones han hecho todo el trabajo que las fiscal\u00edas se niegan a realizar porque, sabiendo como funcionan esos oxidados pasillo de la procuraci\u00f3n de justicia, s\u00ed&nbsp;no hay \u201cluz\u201d, nada se mueve para resolver un crimen.<\/p>\n\n\n\n<p>La fuerza de estas colectivas es un ejemplo de resiliencia. Una y otra vez se levantan para seguir buscando con la misma persistencia que los pol\u00edticos siguen dando cifras alegres sobre lo bien que vamos a pesar de que el paisaje del pa\u00eds est\u00e1 ahora decorado con las miles de fosas clandestinas que muestran que somos capaces de ser indiferentes ante el dolor de una madre, hasta que nos afecte&nbsp;directamente.<\/p>\n\n\n\n<p>Hay cosas que son un hecho. El Estado y sus fiscal\u00edas casi nunca investigan. El pa\u00eds se desangra mientras las narco-series de TV,&nbsp;la m\u00fasica&nbsp;que enaltece sus cr\u00edmenes y toda la narco cultura que estamos normalizando&nbsp;nos vuelve tolerantes y admiradores de esta clase de criminales.<\/p>\n\n\n\n<p>Hoy&nbsp;es una buena fecha para&nbsp;visibilizar a las madres buscadoras y su dolor. Y para criticar la simpat\u00eda que el gobierno tiene con el crimen organizado.<\/p>\n\n\n\n<p><a href=\"mailto:nestoryuri@yahoo.com\">nestoryuri@yahoo.com<\/a><\/p>\n","protected":false},"excerpt":{"rendered":"<p>N\u00e9stor Y. S\u00e1nchez Islas. Pocas cosas conmueven con tanta profundidad como el dolor de una&hellip;<\/p>\n","protected":false},"author":2,"featured_media":41861,"comment_status":"closed","ping_status":"open","sticky":false,"template":"","format":"standard","meta":{"_lmt_disableupdate":"","_lmt_disable":"","_jetpack_memberships_contains_paid_content":false,"footnotes":""},"categories":[456,109],"tags":[3050],"class_list":["post-56689","post","type-post","status-publish","format-standard","has-post-thumbnail","hentry","category-columna","category-minuto-a-minuto","tag-nestor-yuri-sanchez"],"jetpack_featured_media_url":"https:\/\/zonaroja.com.mx\/wp-content\/uploads\/2022\/05\/Opinion-Nestor-Yuri-Sanchez-Islas.jpg","jetpack_sharing_enabled":true,"_links":{"self":[{"href":"https:\/\/zonaroja.com.mx\/index.php?rest_route=\/wp\/v2\/posts\/56689","targetHints":{"allow":["GET"]}}],"collection":[{"href":"https:\/\/zonaroja.com.mx\/index.php?rest_route=\/wp\/v2\/posts"}],"about":[{"href":"https:\/\/zonaroja.com.mx\/index.php?rest_route=\/wp\/v2\/types\/post"}],"author":[{"embeddable":true,"href":"https:\/\/zonaroja.com.mx\/index.php?rest_route=\/wp\/v2\/users\/2"}],"replies":[{"embeddable":true,"href":"https:\/\/zonaroja.com.mx\/index.php?rest_route=%2Fwp%2Fv2%2Fcomments&post=56689"}],"version-history":[{"count":1,"href":"https:\/\/zonaroja.com.mx\/index.php?rest_route=\/wp\/v2\/posts\/56689\/revisions"}],"predecessor-version":[{"id":56690,"href":"https:\/\/zonaroja.com.mx\/index.php?rest_route=\/wp\/v2\/posts\/56689\/revisions\/56690"}],"wp:featuredmedia":[{"embeddable":true,"href":"https:\/\/zonaroja.com.mx\/index.php?rest_route=\/wp\/v2\/media\/41861"}],"wp:attachment":[{"href":"https:\/\/zonaroja.com.mx\/index.php?rest_route=%2Fwp%2Fv2%2Fmedia&parent=56689"}],"wp:term":[{"taxonomy":"category","embeddable":true,"href":"https:\/\/zonaroja.com.mx\/index.php?rest_route=%2Fwp%2Fv2%2Fcategories&post=56689"},{"taxonomy":"post_tag","embeddable":true,"href":"https:\/\/zonaroja.com.mx\/index.php?rest_route=%2Fwp%2Fv2%2Ftags&post=56689"}],"curies":[{"name":"wp","href":"https:\/\/api.w.org\/{rel}","templated":true}]}}