{"id":5669,"date":"2019-11-12T09:14:37","date_gmt":"2019-11-12T15:14:37","guid":{"rendered":"http:\/\/www.zonaroja.com.mx\/?p=5669"},"modified":"2019-11-12T09:14:40","modified_gmt":"2019-11-12T15:14:40","slug":"gobierno-de-la-4t-quiere-2-6-mil-millones-para-centro-de-espionaje","status":"publish","type":"post","link":"https:\/\/zonaroja.com.mx\/?p=5669","title":{"rendered":"Gobierno de la 4T quiere 2.6 mil millones para centro de espionaje"},"content":{"rendered":"\n<p>Redacci\u00f3n\/Zona Roja Cdmx.<\/p>\n\n\n\n<p>Ciudad de M\u00e9xico, 12 de noviembre de\n2019.- El gobierno que encabeza el Presidente Andr\u00e9s Manuel L\u00f3pez Obrador\napuesta por un nuevo sistema nacional de inteligencia, cuyo eje ser\u00e1 el Centro\nNacional de Inteligencia, un \u00f3rgano con presupuesto equivalente a dos mil 626\nmillones de pesos.<\/p>\n\n\n\n<p>Dentro de la estrategia program\u00e1tica en\nmateria de seguridad (fijada en el Proyecto de Presupuesto de Egresos de la\nFederaci\u00f3n para 2020), el gobierno contempla la actualizaci\u00f3n del cat\u00e1logo y la\nclasificaci\u00f3n de instalaciones estrat\u00e9gicas y mejorar las capacidades\ntecnol\u00f3gicas en la generaci\u00f3n de inteligencia estrat\u00e9gica.<\/p>\n\n\n\n<p>De acuerdo con lo publicado por el\ndiario \u201cEl Heraldo de M\u00e9xico\u201d, adem\u00e1s, prev\u00e9 promover el concepto de cultura de\nSeguridad Nacional y encaminar todas las labores de inteligencia a garantizar\nla seguridad nacional.<\/p>\n\n\n\n<p>En 2020, el \u00f3rgano se fij\u00f3 como meta la\nmedici\u00f3n de su efectividad en la elaboraci\u00f3n de una Agenda Nacional de Riesgos\ndesde un enfoque multidimensional.<\/p>\n\n\n\n<p>Por primera vez en un presupuesto, el\nCentro Nacional de Inteligencia tendr\u00e1 recursos etiquetados para su\nfuncionamiento.<\/p>\n\n\n\n<p>En el Paquete Econ\u00f3mico para 2019, a\u00fan\nse consider\u00f3 dinero para el hoy extinto Centro de Investigaci\u00f3n y Seguridad\nNacional (Cisen) que, al igual que todo el presupuesto en materia de seguridad,\nfue transferido de la Secretar\u00eda de Gobernaci\u00f3n (que durante el gobierno de\nEnrique Pe\u00f1a concentr\u00f3 las funciones en materia de seguridad) a la reci\u00e9n\ncreada Secretar\u00eda de Seguridad y Protecci\u00f3n Ciudadana (SSPC).<\/p>\n\n\n\n<p>De los dos mil 626 millones 857 mil 454\nmillones de pesos previstos para el \u00f3rgano, mil 955 millones 974 mil 900 pesos\nser\u00e1n para servicios personales (salarios b\u00e1sicamente); 670 millones 640 mil\n703 pesos para gastos de operaci\u00f3n y 241 mil 851 para otros gastos.<\/p>\n\n\n\n<p>Esta cifra es superior a los dos mil\n490 millones 693 mil 791 pesos presupuestados este a\u00f1o para el Cisen (que en\nt\u00e9rminos reales fueron transferidos al Centro Nacional de Inteligencia), pero\ninferiores a los dos mil 888 millones 493 mil 701 pesos ejercidos en 2018.<\/p>\n\n\n\n<p>Audomaro Mart\u00ednez es quien dirige el Centro\nNacional de Inteligencia; se trata de un general de divisi\u00f3n retirado, cercano\nal presidente de M\u00e9xico a quien conoci\u00f3 en Tabasco, en la d\u00e9cada de los 80.<\/p>\n\n\n\n<p>En 2006, la Secretar\u00eda de la Defensa\nNacional le concedi\u00f3 licencia para que pudiera encargarse de la seguridad de\nL\u00f3pez Obrador, quien por primera vez contend\u00eda por llegar a Los Pinos. Repiti\u00f3\nen el cargo en la campa\u00f1a de 2012 y de 2018.<\/p>\n\n\n\n<p>Cuando el exjefe del gobierno\ncapitalino gan\u00f3 la presidencia, el general Audomaro Mart\u00ednez no se incorpor\u00f3 al\nSecretar\u00eda de la Defensa Nacional por su calidad de general en retiro. Su\nintegraci\u00f3n se dio al gabinete de seguridad.<\/p>\n\n\n\n<p>Uno de los objetivos de este nuevo\ncentro es redefinir el cat\u00e1logo de las instalaciones que este gobierno\nconsidera estrat\u00e9gicas, as\u00ed como un giro en recolecci\u00f3n de inteligencia a\ntrav\u00e9s de un enfoque cient\u00edfico.<\/p>\n\n\n\n<p>(Informaci\u00f3n del diario \u201cEl Heraldo de\nM\u00e9xico\u201d).<\/p>\n","protected":false},"excerpt":{"rendered":"<p>Redacci\u00f3n\/Zona Roja Cdmx. Ciudad de M\u00e9xico, 12 de noviembre de 2019.- El gobierno que encabeza&hellip;<\/p>\n","protected":false},"author":2,"featured_media":5670,"comment_status":"closed","ping_status":"open","sticky":false,"template":"","format":"standard","meta":{"_lmt_disableupdate":"","_lmt_disable":"","_jetpack_memberships_contains_paid_content":false,"footnotes":""},"categories":[109,47],"tags":[999,998],"class_list":["post-5669","post","type-post","status-publish","format-standard","has-post-thumbnail","hentry","category-minuto-a-minuto","category-zona-gris","tag-centro-nacional-de-inteligencia","tag-presupuesto-de-egresos-2020"],"jetpack_featured_media_url":"https:\/\/zonaroja.com.mx\/wp-content\/uploads\/2019\/11\/Espionaje.jpg","jetpack_sharing_enabled":true,"_links":{"self":[{"href":"https:\/\/zonaroja.com.mx\/index.php?rest_route=\/wp\/v2\/posts\/5669","targetHints":{"allow":["GET"]}}],"collection":[{"href":"https:\/\/zonaroja.com.mx\/index.php?rest_route=\/wp\/v2\/posts"}],"about":[{"href":"https:\/\/zonaroja.com.mx\/index.php?rest_route=\/wp\/v2\/types\/post"}],"author":[{"embeddable":true,"href":"https:\/\/zonaroja.com.mx\/index.php?rest_route=\/wp\/v2\/users\/2"}],"replies":[{"embeddable":true,"href":"https:\/\/zonaroja.com.mx\/index.php?rest_route=%2Fwp%2Fv2%2Fcomments&post=5669"}],"version-history":[{"count":1,"href":"https:\/\/zonaroja.com.mx\/index.php?rest_route=\/wp\/v2\/posts\/5669\/revisions"}],"predecessor-version":[{"id":5671,"href":"https:\/\/zonaroja.com.mx\/index.php?rest_route=\/wp\/v2\/posts\/5669\/revisions\/5671"}],"wp:featuredmedia":[{"embeddable":true,"href":"https:\/\/zonaroja.com.mx\/index.php?rest_route=\/wp\/v2\/media\/5670"}],"wp:attachment":[{"href":"https:\/\/zonaroja.com.mx\/index.php?rest_route=%2Fwp%2Fv2%2Fmedia&parent=5669"}],"wp:term":[{"taxonomy":"category","embeddable":true,"href":"https:\/\/zonaroja.com.mx\/index.php?rest_route=%2Fwp%2Fv2%2Fcategories&post=5669"},{"taxonomy":"post_tag","embeddable":true,"href":"https:\/\/zonaroja.com.mx\/index.php?rest_route=%2Fwp%2Fv2%2Ftags&post=5669"}],"curies":[{"name":"wp","href":"https:\/\/api.w.org\/{rel}","templated":true}]}}