{"id":56691,"date":"2023-06-20T21:49:00","date_gmt":"2023-06-21T02:49:00","guid":{"rendered":"http:\/\/www.zonaroja.com.mx\/?p=56691"},"modified":"2023-06-20T20:51:50","modified_gmt":"2023-06-21T01:51:50","slug":"confirma-tribunal-que-otro-edil-de-oaxaca-cometio-violencia-politica-por-razon-de-genero","status":"publish","type":"post","link":"https:\/\/zonaroja.com.mx\/?p=56691","title":{"rendered":"Confirma Tribunal que otro edil de Oaxaca cometi\u00f3 violencia pol\u00edtica por raz\u00f3n de g\u00e9nero"},"content":{"rendered":"\n<p>Redacci\u00f3n\/Zona Roja.<\/p>\n\n\n\n<p>Oaxaca de Ju\u00e1rez, Oaxaca a 20 de junio de 2023.- Por unanimidad de votos, el pleno del Tribunal Electoral del Estado de Oaxaca, declar\u00f3 fundada la obstrucci\u00f3n por parte del presidente y s\u00edndico municipal de San Pedro Teozacoalco, hac\u00eda la regidora del ayuntamiento antes mencionado.<\/p>\n\n\n\n<p>En la resoluci\u00f3n del juicio con clave&nbsp;JDCI\/57\/2023, se&nbsp;acredit\u00f3 la violencia pol\u00edtica contra las mujeres en raz\u00f3n de g\u00e9nero, atribuida al presidente municipal, s\u00edndico municipal y suplente de la regidur\u00eda de Hacienda.<\/p>\n\n\n\n<p>Dicha resoluci\u00f3n fue generada luego de analizar los actos de obstrucci\u00f3n, as\u00ed como la narraci\u00f3n de la parte actora, y los elementos de prueba que obran en el expediente se advierte que de manera sistem\u00e1tica, se le ha impedido el ejercicio de sus derechos a la actora, invisibiliz\u00e1ndola en su funci\u00f3n y limitando el ejercicio de sus derechos, lo que adem\u00e1s desencaden\u00f3 en el cobro de una multa impuesta por la asamblea general, por la supuesta renuncia a su cargo, la cual, no se acredita en autos.<\/p>\n\n\n\n<p>En este sentido, se anunci\u00f3 que dichas autoridades deber\u00e1n ser inscritas en el registro de personas sancionadas en materia de violencia pol\u00edtica contra las mujeres en raz\u00f3n de g\u00e9nero, asimismo de dictar medidas de restituci\u00f3n, no repetici\u00f3n y satisfacci\u00f3n que se enuncian en el proyecto.<\/p>\n","protected":false},"excerpt":{"rendered":"<p>Redacci\u00f3n\/Zona Roja. Oaxaca de Ju\u00e1rez, Oaxaca a 20 de junio de 2023.- Por unanimidad de&hellip;<\/p>\n","protected":false},"author":2,"featured_media":56692,"comment_status":"closed","ping_status":"open","sticky":false,"template":"","format":"standard","meta":{"_lmt_disableupdate":"","_lmt_disable":"","_jetpack_memberships_contains_paid_content":false,"footnotes":""},"categories":[109,47],"tags":[3586],"class_list":["post-56691","post","type-post","status-publish","format-standard","has-post-thumbnail","hentry","category-minuto-a-minuto","category-zona-gris","tag-san-pedro-teozacoalco"],"jetpack_featured_media_url":"https:\/\/zonaroja.com.mx\/wp-content\/uploads\/2023\/06\/San-Pedro-Teozacoalco.jpeg","jetpack_sharing_enabled":true,"_links":{"self":[{"href":"https:\/\/zonaroja.com.mx\/index.php?rest_route=\/wp\/v2\/posts\/56691","targetHints":{"allow":["GET"]}}],"collection":[{"href":"https:\/\/zonaroja.com.mx\/index.php?rest_route=\/wp\/v2\/posts"}],"about":[{"href":"https:\/\/zonaroja.com.mx\/index.php?rest_route=\/wp\/v2\/types\/post"}],"author":[{"embeddable":true,"href":"https:\/\/zonaroja.com.mx\/index.php?rest_route=\/wp\/v2\/users\/2"}],"replies":[{"embeddable":true,"href":"https:\/\/zonaroja.com.mx\/index.php?rest_route=%2Fwp%2Fv2%2Fcomments&post=56691"}],"version-history":[{"count":1,"href":"https:\/\/zonaroja.com.mx\/index.php?rest_route=\/wp\/v2\/posts\/56691\/revisions"}],"predecessor-version":[{"id":56693,"href":"https:\/\/zonaroja.com.mx\/index.php?rest_route=\/wp\/v2\/posts\/56691\/revisions\/56693"}],"wp:featuredmedia":[{"embeddable":true,"href":"https:\/\/zonaroja.com.mx\/index.php?rest_route=\/wp\/v2\/media\/56692"}],"wp:attachment":[{"href":"https:\/\/zonaroja.com.mx\/index.php?rest_route=%2Fwp%2Fv2%2Fmedia&parent=56691"}],"wp:term":[{"taxonomy":"category","embeddable":true,"href":"https:\/\/zonaroja.com.mx\/index.php?rest_route=%2Fwp%2Fv2%2Fcategories&post=56691"},{"taxonomy":"post_tag","embeddable":true,"href":"https:\/\/zonaroja.com.mx\/index.php?rest_route=%2Fwp%2Fv2%2Ftags&post=56691"}],"curies":[{"name":"wp","href":"https:\/\/api.w.org\/{rel}","templated":true}]}}