{"id":56700,"date":"2023-06-21T13:36:00","date_gmt":"2023-06-21T18:36:00","guid":{"rendered":"http:\/\/www.zonaroja.com.mx\/?p=56700"},"modified":"2023-06-21T08:38:19","modified_gmt":"2023-06-21T13:38:19","slug":"organiza-el-poder-judicial-de-oaxaca-un-taller-para-periodistas","status":"publish","type":"post","link":"https:\/\/zonaroja.com.mx\/?p=56700","title":{"rendered":"Organiza el Poder Judicial de Oaxaca un taller para periodistas\u00a0"},"content":{"rendered":"\n<p>Redacci\u00f3n\/Zona Roja.<\/p>\n\n\n\n<p>Oaxaca de Ju\u00e1rez, Oax., a El Poder Judicial del Estado de Oaxaca,&nbsp;a trav\u00e9s de la Coordinaci\u00f3n de Comunicaci\u00f3n Social y la Escuela Judicial,&nbsp;invita al taller para periodistas \u201cLa Justicia Ind\u00edgena a trav\u00e9s de los Medios de Comunicaci\u00f3n\u201d, que se impartir\u00e1 en la modalidad presencial los d\u00edas 27 y 28 de junio&nbsp;pr\u00f3ximo, con el objetivo de compartir con las y los representantes de los medios de comunicaci\u00f3n,&nbsp;el tratamiento asertivo y respetuoso de la informaci\u00f3n sobre cuestiones de comunidades ind\u00edgenas.&nbsp;<\/p>\n\n\n\n<p>La actividad tendr\u00e1 como ponentes a especialistas en el tema como el magistrado Luis Enrique Cordero Aguilar, presidente de la Sala de Justicia Ind\u00edgena&nbsp;y Quinta Sala Penal Colegiada&nbsp;del Tribunal Superior de Justicia en el&nbsp;Estado; los abogados Tom\u00e1s L\u00f3pez Sarabia y Benedicto Salina Hern\u00e1ndez, del&nbsp;Centro Profesional Ind\u00edgena de Asesor\u00eda Defensa y Traducci\u00f3n, A. C.,&nbsp;y&nbsp;el decano periodista Leandro Hern\u00e1ndez Romero.<\/p>\n\n\n\n<p>As\u00ed tambi\u00e9n intervendr\u00e1n&nbsp;la directora de Derechos Humanos del Consejo de la Judicatura, Nidia Soledad Mart\u00ednez Esteva y Elizabeth Rivera Arrazola, jefa del Departamento de Vinculaci\u00f3n Institucional&nbsp;de esa misma \u00e1rea, as\u00ed como la abogada Silvia Mar\u00eda Montalvo Salazar, secretaria de Estudio y Cuenta,&nbsp;adscrita a la Sala de Justicia Ind\u00edgena.&nbsp;<\/p>\n\n\n\n<p>El taller, que cuenta con validez curricular, tendr\u00e1 como&nbsp;sede la Casa de la Cultura Jur\u00eddica en Oaxaca \u00abMar\u00eda Cristina Salmor\u00e1n de Tamayo\u00bb,&nbsp;ubicada en la calle de J.P. Garc\u00eda n\u00famero 100, Centro,&nbsp;en un horario de 10:00 a 13:00 horas, el d\u00eda 27 de junio y de 9:00 a 13:00 horas el mi\u00e9rcoles 28.&nbsp;<\/p>\n\n\n\n<p>Las personas interesadas en asistir&nbsp;pueden registrarse a trav\u00e9s del enlace&nbsp;https:\/\/forms.gle\/4qR4bUQVZDjAqHFV6<\/p>\n","protected":false},"excerpt":{"rendered":"<p>Redacci\u00f3n\/Zona Roja. Oaxaca de Ju\u00e1rez, Oax., a El Poder Judicial del Estado de Oaxaca,&nbsp;a trav\u00e9s&hellip;<\/p>\n","protected":false},"author":2,"featured_media":56701,"comment_status":"closed","ping_status":"open","sticky":false,"template":"","format":"standard","meta":{"_lmt_disableupdate":"","_lmt_disable":"","_jetpack_memberships_contains_paid_content":false,"footnotes":""},"categories":[109,46],"tags":[223],"class_list":["post-56700","post","type-post","status-publish","format-standard","has-post-thumbnail","hentry","category-minuto-a-minuto","category-zona-blanca","tag-poder-judicial-de-oaxaca"],"jetpack_featured_media_url":"https:\/\/zonaroja.com.mx\/wp-content\/uploads\/2023\/06\/Taller-periodismo-indigenas-Poder-Judicial.jpg","jetpack_sharing_enabled":true,"_links":{"self":[{"href":"https:\/\/zonaroja.com.mx\/index.php?rest_route=\/wp\/v2\/posts\/56700","targetHints":{"allow":["GET"]}}],"collection":[{"href":"https:\/\/zonaroja.com.mx\/index.php?rest_route=\/wp\/v2\/posts"}],"about":[{"href":"https:\/\/zonaroja.com.mx\/index.php?rest_route=\/wp\/v2\/types\/post"}],"author":[{"embeddable":true,"href":"https:\/\/zonaroja.com.mx\/index.php?rest_route=\/wp\/v2\/users\/2"}],"replies":[{"embeddable":true,"href":"https:\/\/zonaroja.com.mx\/index.php?rest_route=%2Fwp%2Fv2%2Fcomments&post=56700"}],"version-history":[{"count":1,"href":"https:\/\/zonaroja.com.mx\/index.php?rest_route=\/wp\/v2\/posts\/56700\/revisions"}],"predecessor-version":[{"id":56702,"href":"https:\/\/zonaroja.com.mx\/index.php?rest_route=\/wp\/v2\/posts\/56700\/revisions\/56702"}],"wp:featuredmedia":[{"embeddable":true,"href":"https:\/\/zonaroja.com.mx\/index.php?rest_route=\/wp\/v2\/media\/56701"}],"wp:attachment":[{"href":"https:\/\/zonaroja.com.mx\/index.php?rest_route=%2Fwp%2Fv2%2Fmedia&parent=56700"}],"wp:term":[{"taxonomy":"category","embeddable":true,"href":"https:\/\/zonaroja.com.mx\/index.php?rest_route=%2Fwp%2Fv2%2Fcategories&post=56700"},{"taxonomy":"post_tag","embeddable":true,"href":"https:\/\/zonaroja.com.mx\/index.php?rest_route=%2Fwp%2Fv2%2Ftags&post=56700"}],"curies":[{"name":"wp","href":"https:\/\/api.w.org\/{rel}","templated":true}]}}