{"id":56705,"date":"2023-06-21T11:30:00","date_gmt":"2023-06-21T16:30:00","guid":{"rendered":"http:\/\/www.zonaroja.com.mx\/?p=56705"},"modified":"2023-06-21T08:41:42","modified_gmt":"2023-06-21T13:41:42","slug":"motin-en-reclusorio-femenil-de-honduras-deja-41-mujeres-muertas","status":"publish","type":"post","link":"https:\/\/zonaroja.com.mx\/?p=56705","title":{"rendered":"Mot\u00edn en reclusorio femenil de Honduras deja 41 mujeres muertas"},"content":{"rendered":"\n<p>Redacci\u00f3n\/Zona Roja Cdmx.&nbsp;<\/p>\n\n\n\n<p>Ciudad de M\u00e9xico, a 21 de junio de 2023.- Un mot\u00edn en la principal c\u00e1rcel de mujeres de Honduras provoc\u00f3 ayer la muerte de al menos 41 reclusas, la mayor\u00eda quemadas, en una tragedia cuya responsabilidad la presidenta Xiomara Castro atribuy\u00f3 a las pandillas que siembran violencia en el pa\u00eds y suelen tener el control de las prisiones.<\/p>\n\n\n\n<p>Tambi\u00e9n se report\u00f3 el deceso de reclusas por heridas de bala y apu\u00f1aladas en la prisi\u00f3n de Tamara, ubicada unos 50 kil\u00f3metros al noroeste de Tegucigalpa, inform\u00f3 Yuri Mora, portavoz del Ministerio P\u00fablico.<\/p>\n\n\n\n<p>\u201cLos equipos forenses que levantaron los cad\u00e1veres confirmaron que son 41 fallecidas\u201d, declar\u00f3 Mora a la agencia noticiosa Ap.<\/p>\n\n\n\n<p>Castro tuite\u00f3 que el \u201cmonstruoso asesinato de mujeres fue planificado por maras, a vista y paciencia de autoridades encargadas de la seguridad\u201d.<\/p>\n\n\n\n<p>La mandataria dijo que llamar\u00e1 al ministro de Seguridad, Ram\u00f3n Sabill\u00f3n, y a la presidenta de la comisi\u00f3n interventora de las c\u00e1rceles, Julissa Villanueva, a \u201crendir cuentas\u201d, y advirti\u00f3: \u201ctomar\u00e9 medidas dr\u00e1sticas\u201d.<\/p>\n\n\n\n<p>El enfrentamiento dej\u00f3 al menos siete heridas de bala y cuchillo que fueron trasladadas al Hospital Escuela, en Tegucigalpa.<\/p>\n\n\n\n<p>Al cierre de esta edici\u00f3n las autoridades no hab\u00edan informado los detalles sobre el origen o los motivos del enfrentamiento.<\/p>\n\n\n\n<p>Seg\u00fan explicaron a medios locales algunas de las lesionadas que llegaron al hospital, el incidente comenz\u00f3 cuando presas pertenecientes a la pandilla Barrio 18 entraron a uno de los m\u00f3dulos, dispararon contra las dem\u00e1s reclusas y les prendieron fuego.<\/p>\n\n\n\n<p>La presidenta de una asociaci\u00f3n de familiares de presos, Delma Ord\u00f3\u00f1ez, refiri\u00f3 que en la madrugada se dio un enfrentamiento entre las pandillas rivales Barrio 18 y la Mara Salvatrucha MS-13 en la prisi\u00f3n, donde hay unas 900 internas.<\/p>\n\n\n\n<p>\u201cEl m\u00f3dulo est\u00e1 completamente destruido, fue quemado en su totalidad\u201d, asegur\u00f3.<\/p>\n\n\n\n<p>El siniestro ocurre casi tres meses despu\u00e9s de que la presidenta Castro anunci\u00f3 una intervenci\u00f3n en los 25 penales del pa\u00eds, debido a la violencia imperante y al autogobierno que ejercen los reclusos en esos centros.<\/p>\n\n\n\n<p>Hace medio a\u00f1o se decret\u00f3 tambi\u00e9n el estado de excepci\u00f3n en el pa\u00eds para combatir la violencia de las pandillas y el crimen organizado, lo que gener\u00f3 temores de que se apliquen aqu\u00ed las medidas del mandatario salvadore\u00f1o, Salvador Bukele, rechazadas por la Organizaci\u00f3n de Naciones Unidas y grupos defensores de los derechos humanos.<\/p>\n\n\n\n<p>Decenas de familiares nerviosos y furiosos se congregaron afuera de la prisi\u00f3n desde la ma\u00f1ana de ayer, poco despu\u00e9s de que estall\u00f3 el mot\u00edn.<\/p>\n\n\n\n<p>Julissa Villanueva, jefa del sistema penitenciario, sugiri\u00f3 que los disturbios comenzaron debido a los recientes intentos de las autoridades de reprimir las actividades il\u00edcitas dentro de las c\u00e1rceles y calific\u00f3 la violencia de ayer de reacci\u00f3n a las medidas que \u201cestamos tomando contra el crimen organizado.<\/p>\n\n\n\n<p>\u201cNo vamos a tolerar actos vand\u00e1licos ni irregularidades en esa c\u00e1rcel. Se autoriza la intervenci\u00f3n inmediata con acompa\u00f1amiento de bomberos, polic\u00edas, militares y se declara la emergencia\u201d, tuite\u00f3.<\/p>\n\n\n\n<p>Villanueva fue nombrada en su puesto despu\u00e9s de que varios enfrentamientos en cuatro c\u00e1rceles dejaron en abril pasado un muerto y siete heridos. La tambi\u00e9n viceministra de Seguridad anunci\u00f3 entonces un plan para controlar las 26 prisiones del pa\u00eds, en las que hay unos 20 mil internos.<\/p>\n\n\n\n<p>El plan incluye un \u201cdesarme real a trav\u00e9s de registros manuales y electr\u00f3nicos permanentes en 100 por ciento de las instalaciones\u201d y \u201cel bloqueo total de la se\u00f1al telef\u00f3nica\u201d para que los reos no puedan dirigir acciones criminales desde las c\u00e1rceles.<\/p>\n\n\n\n<p>El peor desastre carcelario en un siglo tambi\u00e9n ocurri\u00f3 en Honduras, en 2012 en la penitenciar\u00eda de Comayagua, donde 361 reclusos murieron en un incendio posiblemente causado por un cigarro o similar.<\/p>\n\n\n\n<p>En a\u00f1os recientes han ocurrido motines, pero por lo regular en c\u00e1rceles de hombres.<\/p>\n\n\n\n<p>(Informaci\u00f3n de AFP y AP en \u201cLa Jornada\u201d)<\/p>\n","protected":false},"excerpt":{"rendered":"<p>Redacci\u00f3n\/Zona Roja Cdmx.&nbsp; Ciudad de M\u00e9xico, a 21 de junio de 2023.- Un mot\u00edn en&hellip;<\/p>\n","protected":false},"author":2,"featured_media":56706,"comment_status":"closed","ping_status":"open","sticky":false,"template":"","format":"standard","meta":{"_lmt_disableupdate":"","_lmt_disable":"","_jetpack_memberships_contains_paid_content":false,"footnotes":""},"categories":[109,47],"tags":[3587],"class_list":["post-56705","post","type-post","status-publish","format-standard","has-post-thumbnail","hentry","category-minuto-a-minuto","category-zona-gris","tag-motin-honduras"],"jetpack_featured_media_url":"https:\/\/zonaroja.com.mx\/wp-content\/uploads\/2023\/06\/Motin-Honduras.webp","jetpack_sharing_enabled":true,"_links":{"self":[{"href":"https:\/\/zonaroja.com.mx\/index.php?rest_route=\/wp\/v2\/posts\/56705","targetHints":{"allow":["GET"]}}],"collection":[{"href":"https:\/\/zonaroja.com.mx\/index.php?rest_route=\/wp\/v2\/posts"}],"about":[{"href":"https:\/\/zonaroja.com.mx\/index.php?rest_route=\/wp\/v2\/types\/post"}],"author":[{"embeddable":true,"href":"https:\/\/zonaroja.com.mx\/index.php?rest_route=\/wp\/v2\/users\/2"}],"replies":[{"embeddable":true,"href":"https:\/\/zonaroja.com.mx\/index.php?rest_route=%2Fwp%2Fv2%2Fcomments&post=56705"}],"version-history":[{"count":1,"href":"https:\/\/zonaroja.com.mx\/index.php?rest_route=\/wp\/v2\/posts\/56705\/revisions"}],"predecessor-version":[{"id":56707,"href":"https:\/\/zonaroja.com.mx\/index.php?rest_route=\/wp\/v2\/posts\/56705\/revisions\/56707"}],"wp:featuredmedia":[{"embeddable":true,"href":"https:\/\/zonaroja.com.mx\/index.php?rest_route=\/wp\/v2\/media\/56706"}],"wp:attachment":[{"href":"https:\/\/zonaroja.com.mx\/index.php?rest_route=%2Fwp%2Fv2%2Fmedia&parent=56705"}],"wp:term":[{"taxonomy":"category","embeddable":true,"href":"https:\/\/zonaroja.com.mx\/index.php?rest_route=%2Fwp%2Fv2%2Fcategories&post=56705"},{"taxonomy":"post_tag","embeddable":true,"href":"https:\/\/zonaroja.com.mx\/index.php?rest_route=%2Fwp%2Fv2%2Ftags&post=56705"}],"curies":[{"name":"wp","href":"https:\/\/api.w.org\/{rel}","templated":true}]}}