{"id":56711,"date":"2023-06-21T13:43:00","date_gmt":"2023-06-21T18:43:00","guid":{"rendered":"http:\/\/www.zonaroja.com.mx\/?p=56711"},"modified":"2023-06-21T08:44:50","modified_gmt":"2023-06-21T13:44:50","slug":"dice-joe-biden-que-presidente-de-china-es-un-dictador","status":"publish","type":"post","link":"https:\/\/zonaroja.com.mx\/?p=56711","title":{"rendered":"Dice Joe Biden que presidente de China es un dictador"},"content":{"rendered":"\n<p>Redacci\u00f3n\/Zona Roja Cdxm.<\/p>\n\n\n\n<p>Ciudad de M\u00e9xico, a 21 de junio de 2023.- El presidente estadunidense, Joe Biden, equipar\u00f3 a su homologo chino, Xi Jinping, con \u00abdictadores\u00bb durante una recepci\u00f3n con donantes del Partido Dem\u00f3crata en California.<\/p>\n\n\n\n<p>Al hacer referencia a la reciente crisis en la que Estados Unidos derrib\u00f3 un globo chino que Washington afirm\u00f3 ser esp\u00eda, Biden dijo que Xi \u00abno sab\u00eda que estaba all\u00ed\u00bb. \u00abEsa fue la gran verg\u00fcenza para los dictadores, cuando no sab\u00edan lo que pasaba\u00bb, agreg\u00f3 el presidente.<\/p>\n\n\n\n<p>\u00abCuando fue derribado \u00e9l estuvo muy avergonzado y neg\u00f3 que siquiera estuviera all\u00ed\u00bb, agreg\u00f3.<\/p>\n\n\n\n<p>Biden, de 80 a\u00f1os y aspirante a la reelecci\u00f3n, tambi\u00e9n elev\u00f3 sus preocupaciones sobre el gigante asi\u00e1tico al decir a los donantes que \u00abChina est\u00e1 en verdaderas dificultades econ\u00f3micas\u00bb.<\/p>\n\n\n\n<p>VISITA DE BLINKEN<\/p>\n\n\n\n<p>Las declaraciones probablemente provocar\u00e1n fuertes objeciones desde Pek\u00edn, adonde el Secretario de Estado estadunidense,&nbsp;Antony Blinken, fue de visita hace pocos d\u00edas en un intento por bajar la tensi\u00f3n entre las dos potencias globales.<\/p>\n\n\n\n<p>Como resultado de esta visita, ambos pa\u00edses se hab\u00edan comprometido a estabilizar sus relaciones pese a las recientes tensiones causadas por el presunto globo esp\u00eda y las recientes visitas y relaciones hechas con Taiw\u00e1n.<\/p>\n\n\n\n<p>Incluso destaca una declaraci\u00f3n del secretario Blinken en la que asegura que Estados Unidos no apoya la independencia de Taiw\u00e1n, pese a un reciente tratado comercial firmado con la isla.<\/p>\n\n\n\n<p>(Informaci\u00f3n de AFP en \u201cMilenio\u201d)<\/p>\n","protected":false},"excerpt":{"rendered":"<p>Redacci\u00f3n\/Zona Roja Cdxm. Ciudad de M\u00e9xico, a 21 de junio de 2023.- El presidente estadunidense,&hellip;<\/p>\n","protected":false},"author":2,"featured_media":56712,"comment_status":"closed","ping_status":"open","sticky":false,"template":"","format":"standard","meta":{"_lmt_disableupdate":"","_lmt_disable":"","_jetpack_memberships_contains_paid_content":false,"footnotes":""},"categories":[109,47],"tags":[2347],"class_list":["post-56711","post","type-post","status-publish","format-standard","has-post-thumbnail","hentry","category-minuto-a-minuto","category-zona-gris","tag-joe-biden"],"jetpack_featured_media_url":"https:\/\/zonaroja.com.mx\/wp-content\/uploads\/2023\/06\/Joe-Biden-y-Hi-Jinping-China.jpeg.webp","jetpack_sharing_enabled":true,"_links":{"self":[{"href":"https:\/\/zonaroja.com.mx\/index.php?rest_route=\/wp\/v2\/posts\/56711","targetHints":{"allow":["GET"]}}],"collection":[{"href":"https:\/\/zonaroja.com.mx\/index.php?rest_route=\/wp\/v2\/posts"}],"about":[{"href":"https:\/\/zonaroja.com.mx\/index.php?rest_route=\/wp\/v2\/types\/post"}],"author":[{"embeddable":true,"href":"https:\/\/zonaroja.com.mx\/index.php?rest_route=\/wp\/v2\/users\/2"}],"replies":[{"embeddable":true,"href":"https:\/\/zonaroja.com.mx\/index.php?rest_route=%2Fwp%2Fv2%2Fcomments&post=56711"}],"version-history":[{"count":1,"href":"https:\/\/zonaroja.com.mx\/index.php?rest_route=\/wp\/v2\/posts\/56711\/revisions"}],"predecessor-version":[{"id":56713,"href":"https:\/\/zonaroja.com.mx\/index.php?rest_route=\/wp\/v2\/posts\/56711\/revisions\/56713"}],"wp:featuredmedia":[{"embeddable":true,"href":"https:\/\/zonaroja.com.mx\/index.php?rest_route=\/wp\/v2\/media\/56712"}],"wp:attachment":[{"href":"https:\/\/zonaroja.com.mx\/index.php?rest_route=%2Fwp%2Fv2%2Fmedia&parent=56711"}],"wp:term":[{"taxonomy":"category","embeddable":true,"href":"https:\/\/zonaroja.com.mx\/index.php?rest_route=%2Fwp%2Fv2%2Fcategories&post=56711"},{"taxonomy":"post_tag","embeddable":true,"href":"https:\/\/zonaroja.com.mx\/index.php?rest_route=%2Fwp%2Fv2%2Ftags&post=56711"}],"curies":[{"name":"wp","href":"https:\/\/api.w.org\/{rel}","templated":true}]}}