{"id":56714,"date":"2023-06-21T09:12:06","date_gmt":"2023-06-21T14:12:06","guid":{"rendered":"http:\/\/www.zonaroja.com.mx\/?p=56714"},"modified":"2023-06-21T09:12:07","modified_gmt":"2023-06-21T14:12:07","slug":"no-cesan-los-crimenes-en-oaxaca-otros-dos-en-48-horas","status":"publish","type":"post","link":"https:\/\/zonaroja.com.mx\/?p=56714","title":{"rendered":"No cesan los cr\u00edmenes en Oaxaca: otros dos en 48 horas"},"content":{"rendered":"\n<p>Redacci\u00f3n\/Zona Roja.<\/p>\n\n\n\n<p>Oaxaca de Ju\u00e1rez, Oax., a 21 de agosto de 2023.- La ola de cr\u00edmenes no cesa en Oaxaca, pese a las reuniones de seguridad de las autoridades, y en las \u00faltimas 48 horas ocurrieron otros dos asesinatos.<\/p>\n\n\n\n<p>Ayer por la tarde, en un domicilio de la colonia 10 de Mayo ubicado en San Francisco Cozoaltepec, del municipio de Santa Maria Tonameca, sujetos armados acribillaron a un individuo.<\/p>\n\n\n\n<p>El hombre perdi\u00f3 la vida al instante y fue identificado como P\u00e1nfilo \u201cN\u201d, de 54 a\u00f1os de edad. A\u00fan se desconoce el m\u00f3vil del crimen y la Vicefiscal\u00eda Regional de la Costa inici\u00f3 las indagatorias correspondientes.<\/p>\n\n\n\n<p>El lunes por la tarde en el interior de un taller de talacher\u00eda ubicado en el acceso al municipio de San Jos\u00e9 del Progreso, distrito de Ocotl\u00e1n, fue ejecutado un individuo.<\/p>\n\n\n\n<p>Sujetos armados llegaron directamente a disparar a quien fue identificado como Reynaldo \u201cN\u201d, de 40 a\u00f1os de edad, y originario de Santa Cruz Huatulco; los polic\u00edas llegaron s\u00f3lo para acordonar la zona mientras las autoridades ministeriales realizaban su labor.<\/p>\n","protected":false},"excerpt":{"rendered":"<p>Redacci\u00f3n\/Zona Roja. Oaxaca de Ju\u00e1rez, Oax., a 21 de agosto de 2023.- La ola de&hellip;<\/p>\n","protected":false},"author":2,"featured_media":50335,"comment_status":"closed","ping_status":"open","sticky":false,"template":"","format":"standard","meta":{"_lmt_disableupdate":"","_lmt_disable":"","_jetpack_memberships_contains_paid_content":false,"footnotes":""},"categories":[109,51],"tags":[578],"class_list":["post-56714","post","type-post","status-publish","format-standard","has-post-thumbnail","hentry","category-minuto-a-minuto","category-zona-roja","tag-san-jose-del-progreso"],"jetpack_featured_media_url":"https:\/\/zonaroja.com.mx\/wp-content\/uploads\/2023\/01\/Balazos-violencia-casquillos-escena.jpeg","jetpack_sharing_enabled":true,"_links":{"self":[{"href":"https:\/\/zonaroja.com.mx\/index.php?rest_route=\/wp\/v2\/posts\/56714","targetHints":{"allow":["GET"]}}],"collection":[{"href":"https:\/\/zonaroja.com.mx\/index.php?rest_route=\/wp\/v2\/posts"}],"about":[{"href":"https:\/\/zonaroja.com.mx\/index.php?rest_route=\/wp\/v2\/types\/post"}],"author":[{"embeddable":true,"href":"https:\/\/zonaroja.com.mx\/index.php?rest_route=\/wp\/v2\/users\/2"}],"replies":[{"embeddable":true,"href":"https:\/\/zonaroja.com.mx\/index.php?rest_route=%2Fwp%2Fv2%2Fcomments&post=56714"}],"version-history":[{"count":1,"href":"https:\/\/zonaroja.com.mx\/index.php?rest_route=\/wp\/v2\/posts\/56714\/revisions"}],"predecessor-version":[{"id":56715,"href":"https:\/\/zonaroja.com.mx\/index.php?rest_route=\/wp\/v2\/posts\/56714\/revisions\/56715"}],"wp:featuredmedia":[{"embeddable":true,"href":"https:\/\/zonaroja.com.mx\/index.php?rest_route=\/wp\/v2\/media\/50335"}],"wp:attachment":[{"href":"https:\/\/zonaroja.com.mx\/index.php?rest_route=%2Fwp%2Fv2%2Fmedia&parent=56714"}],"wp:term":[{"taxonomy":"category","embeddable":true,"href":"https:\/\/zonaroja.com.mx\/index.php?rest_route=%2Fwp%2Fv2%2Fcategories&post=56714"},{"taxonomy":"post_tag","embeddable":true,"href":"https:\/\/zonaroja.com.mx\/index.php?rest_route=%2Fwp%2Fv2%2Ftags&post=56714"}],"curies":[{"name":"wp","href":"https:\/\/api.w.org\/{rel}","templated":true}]}}