{"id":56716,"date":"2023-06-21T09:13:15","date_gmt":"2023-06-21T14:13:15","guid":{"rendered":"http:\/\/www.zonaroja.com.mx\/?p=56716"},"modified":"2023-06-21T09:13:17","modified_gmt":"2023-06-21T14:13:17","slug":"ola-violenta-en-la-cdmx-deja-dos-muertos-y-cuatro-heridos","status":"publish","type":"post","link":"https:\/\/zonaroja.com.mx\/?p=56716","title":{"rendered":"Ola violenta en la Cdmx deja dos muertos y cuatro heridos"},"content":{"rendered":"\n<p>Redacci\u00f3n\/Zona Roja Cdmx.<\/p>\n\n\n\n<p>Ciudad de M\u00e9xico, a 21 de junio de 2023.- Dos personas perdieron la vida y cuatro m\u00e1s resultaron lesionadas por disparos de arma de fuego, en dos hechos ocurridos la tarde de ayer en la Ciudad de M\u00e9xico.<\/p>\n\n\n\n<p>Una balacera se report\u00f3 una balacera en inmediaciones de la central camionera de Taxque\u00f1a, en la Ciudad de M\u00e9xico, al interior de la Central de Autobuses del Sur, en la zona de la puerta 3.<\/p>\n\n\n\n<p>Como resultado, tambi\u00e9n se report\u00f3 a, por lo menos, dos personas muertas, al parecer dos presuntos asaltantes. Poco despu\u00e9s de las 3:00 de la tarde las autoridades confirmaron los dos fallecimientos. Las v\u00edctimas mortales ser\u00edan los posibles responsables del asalto<\/p>\n\n\n\n<p>\u201cCuatro sujetos interceptaron a los custodios y realizaron disparos, por lo que repelieron la agresi\u00f3n; resultado de dicha acci\u00f3n, uno de los trabajadores de la empresa result\u00f3 herido en el abdomen; adem\u00e1s una mujer que se encontraba en el sitio tambi\u00e9n present\u00f3 una lesi\u00f3n, por lo que ambos fueron trasladados a distintos hospitales para su atenci\u00f3n m\u00e9dica definitiva\u201d, inform\u00f3 la Secretar\u00eda de Seguridad Ciudadana (SSC).<\/p>\n\n\n\n<p>OTRA BALACERA<\/p>\n\n\n\n<p>Otro caso fue reportada alrededor de las 5:00 de la tarde del martes 20 de junio en el cruce de Hamburgo y Dinamarca en la colonia Ju\u00e1rez, ubicada en la alcald\u00eda Cuauht\u00e9moc de la capital del pa\u00eds. El resultado preliminar es de dos personas lesionadas.<\/p>\n\n\n\n<p>Debido a estos hechos se registr\u00f3 intensa movilidad policiaca, as\u00ed como de equipos de emergencia en la zona. De acuerdo con los primeros reportes una de las v\u00edctimas ser\u00eda un joven de aproximadamente 20 a\u00f1os que result\u00f3 herido en el brazo izquierdo, mientras que la otra fue trasladada al hospital Rub\u00e9n Le\u00f1ero.<\/p>\n\n\n\n<p>Al parecer, los hechos sucedieron en la parte del estacionamiento de un conocido restaurante de comida r\u00e1pida y en las im\u00e1genes de los hechos se pudo ver una camioneta \u00faltimo modelo de color negro de la marca Mercedes Benz, la cual recibi\u00f3 varios impactos de arma de fuego en la parte del conductor.<\/p>\n\n\n\n<p>Los supuestos responsables de la balacera ser\u00edan dos sujetos que iba a bordo de una motocicleta, la cual fue impactada por la camioneta. Por su parte, las personas heridas fueron trasladadas para su atenci\u00f3n m\u00e9dica.<\/p>\n\n\n\n<p>(Con informaci\u00f3n de Infobae M\u00e9xico)<\/p>\n","protected":false},"excerpt":{"rendered":"<p>Redacci\u00f3n\/Zona Roja Cdmx. Ciudad de M\u00e9xico, a 21 de junio de 2023.- Dos personas perdieron&hellip;<\/p>\n","protected":false},"author":2,"featured_media":56717,"comment_status":"closed","ping_status":"open","sticky":false,"template":"","format":"standard","meta":{"_lmt_disableupdate":"","_lmt_disable":"","_jetpack_memberships_contains_paid_content":false,"footnotes":""},"categories":[109,51],"tags":[1746],"class_list":["post-56716","post","type-post","status-publish","format-standard","has-post-thumbnail","hentry","category-minuto-a-minuto","category-zona-roja","tag-violencia-en-mexico"],"jetpack_featured_media_url":"https:\/\/zonaroja.com.mx\/wp-content\/uploads\/2023\/06\/Balacera-Ciudad-de-Mexico.jpeg","jetpack_sharing_enabled":true,"_links":{"self":[{"href":"https:\/\/zonaroja.com.mx\/index.php?rest_route=\/wp\/v2\/posts\/56716","targetHints":{"allow":["GET"]}}],"collection":[{"href":"https:\/\/zonaroja.com.mx\/index.php?rest_route=\/wp\/v2\/posts"}],"about":[{"href":"https:\/\/zonaroja.com.mx\/index.php?rest_route=\/wp\/v2\/types\/post"}],"author":[{"embeddable":true,"href":"https:\/\/zonaroja.com.mx\/index.php?rest_route=\/wp\/v2\/users\/2"}],"replies":[{"embeddable":true,"href":"https:\/\/zonaroja.com.mx\/index.php?rest_route=%2Fwp%2Fv2%2Fcomments&post=56716"}],"version-history":[{"count":1,"href":"https:\/\/zonaroja.com.mx\/index.php?rest_route=\/wp\/v2\/posts\/56716\/revisions"}],"predecessor-version":[{"id":56718,"href":"https:\/\/zonaroja.com.mx\/index.php?rest_route=\/wp\/v2\/posts\/56716\/revisions\/56718"}],"wp:featuredmedia":[{"embeddable":true,"href":"https:\/\/zonaroja.com.mx\/index.php?rest_route=\/wp\/v2\/media\/56717"}],"wp:attachment":[{"href":"https:\/\/zonaroja.com.mx\/index.php?rest_route=%2Fwp%2Fv2%2Fmedia&parent=56716"}],"wp:term":[{"taxonomy":"category","embeddable":true,"href":"https:\/\/zonaroja.com.mx\/index.php?rest_route=%2Fwp%2Fv2%2Fcategories&post=56716"},{"taxonomy":"post_tag","embeddable":true,"href":"https:\/\/zonaroja.com.mx\/index.php?rest_route=%2Fwp%2Fv2%2Ftags&post=56716"}],"curies":[{"name":"wp","href":"https:\/\/api.w.org\/{rel}","templated":true}]}}