{"id":5672,"date":"2019-11-12T10:04:07","date_gmt":"2019-11-12T16:04:07","guid":{"rendered":"http:\/\/www.zonaroja.com.mx\/?p=5672"},"modified":"2019-11-12T10:04:10","modified_gmt":"2019-11-12T16:04:10","slug":"ponen-a-la-venta-calendario-2020-para-respaldar-educacion-de-jovenes-indigenas","status":"publish","type":"post","link":"https:\/\/zonaroja.com.mx\/?p=5672","title":{"rendered":"Ponen a la venta calendario 2020 para respaldar educaci\u00f3n de j\u00f3venes ind\u00edgenas"},"content":{"rendered":"\n<p>Evlin Arag\u00f3n\/Zona Roja.<\/p>\n\n\n\n<p>Oaxaca de Ju\u00e1rez, Oax., 11 de noviembre\nde 2019- Con 13 fotograf\u00edas que dan muestra de la riqueza multicultural de las\nregiones de Oaxaca est\u00e1 conformado el calendario 2020 del Fondo Guadalupe\nMusalem, mediante el cual buscan como cada a\u00f1o reunir dinero para destinarlo a\nla educaci\u00f3n de j\u00f3venes talentosas oaxaque\u00f1as.<\/p>\n\n\n\n<p>Se trata de un material realizado por\nsexta ocasi\u00f3n a mano de las becarias, que cont\u00f3 con el respaldo de la\nreconocida fot\u00f3grafa documental Patricia Aridjis, quien sirvi\u00f3 de gu\u00eda para\nexplorar la t\u00e9cnica que dio como resultado el calendario, que ya esta puesto a\nla venta para continuar con la recaudaci\u00f3n de fondos.<\/p>\n\n\n\n<p>\u201cEn el calendario est\u00e1 una gran esencia\nde los pueblos originarios y debe ser vista por Oaxaca y el mundo entero\u201d,\ncomparti\u00f3 Ithaliby, becaria originaria de la Mixteca, adem\u00e1s de ser la mejor\nmanera de mostrar su lugar de origen, su gastronom\u00eda y lo que piensa.<\/p>\n\n\n\n<p>Lina Herrera, presidenta de Fondo\nGuadalupe Musalem record\u00f3 que en los \u00faltimos 20 a\u00f1os y gracias al respecto de\ndecenas de personas han apoyado a 153 mujeres provenientes de comunidades\nind\u00edgenas para que estudien el bachillerato y 46 m\u00e1s para realizar sus estudios\nuniversitarios,&nbsp; lo anterior con el\nrespaldo de decenas de personas comprometidas en el bien com\u00fan.<\/p>\n\n\n\n<p>As\u00ed mismo, reconoci\u00f3 la generosidad de\nMartha Vila Cueto, Claudio S\u00e1nchez y Marcela Taboada que hacen realidad esta\npublicaci\u00f3n, a la par de agradeci\u00f3 a las personas que permiten la venta del\ncalendario en sus establecimientos.<\/p>\n\n\n\n<p>Por su parte, Patricia Aridjis alent\u00f3 a\nlas mujeres oaxaque\u00f1as a seguir en este mundo de la fotograf\u00eda toda vez que se\ndijo gratamente sorprendida con la im\u00e1genes capturadas por cada una de las\nj\u00f3venes, de quienes reconoci\u00f3 el empe\u00f1o y talento para retratar su comunidad.<\/p>\n\n\n\n<p>\u201cTodas tienen unas alas muy grandes que\nir\u00e1n creciendo con el tiempo, sigan permitiendo que las personas conozcan otros\nmundos a trav\u00e9s de sus im\u00e1genes\u201d, puntualiz\u00f3.<\/p>\n\n\n\n<p>El calendario se encuentra a la venta\nen las principales librer\u00edas de la capital del estado, as\u00ed como en los\ndiferentes centros culturales, galer\u00edas, restaurantes y comercios que desde\nhace a\u00f1os han mostrado su respaldo a las actividades que realiza el Fondo\nGuadalupe Musalem en respaldo de j\u00f3venes oaxaque\u00f1as con dif\u00edcil acceso a la\neducaci\u00f3n.<\/p>\n\n\n\n<p>Para este 2019, fueron siete becarias\nlas que se unieron al proyecto, el cual en este momento est\u00e1 atendiendo a 40\nmujeres j\u00f3venes a concluir sus estudios del nivel medio superior y superior.<\/p>\n\n\n\n<p>Independientemente de sus clases, Luz\nMar\u00eda, Guadalupe, Roxana Adalid, Roc\u00edo, Diana, Laura y Betzab\u00e9 recibir\u00e1n\ncapacitaciones mensuales de fortalecimiento acad\u00e9mico, apoyo m\u00e9dico y\npsicol\u00f3gico, acompa\u00f1amiento de una tutora, una despensa mensual, y dos mil\npesos mensuales, entre otros apoyos.<\/p>\n","protected":false},"excerpt":{"rendered":"<p>Evlin Arag\u00f3n\/Zona Roja. Oaxaca de Ju\u00e1rez, Oax., 11 de noviembre de 2019- Con 13 fotograf\u00edas&hellip;<\/p>\n","protected":false},"author":2,"featured_media":5673,"comment_status":"closed","ping_status":"open","sticky":false,"template":"","format":"standard","meta":{"_lmt_disableupdate":"","_lmt_disable":"","_jetpack_memberships_contains_paid_content":false,"footnotes":""},"categories":[109,46],"tags":[1000,1001],"class_list":["post-5672","post","type-post","status-publish","format-standard","has-post-thumbnail","hentry","category-minuto-a-minuto","category-zona-blanca","tag-fondo-guadalupe-musalem","tag-grupo-de-estudios-sobre-la-mujer-rosario-castellanos"],"jetpack_featured_media_url":"https:\/\/zonaroja.com.mx\/wp-content\/uploads\/2019\/11\/IMG_7667.jpg","jetpack_sharing_enabled":true,"_links":{"self":[{"href":"https:\/\/zonaroja.com.mx\/index.php?rest_route=\/wp\/v2\/posts\/5672","targetHints":{"allow":["GET"]}}],"collection":[{"href":"https:\/\/zonaroja.com.mx\/index.php?rest_route=\/wp\/v2\/posts"}],"about":[{"href":"https:\/\/zonaroja.com.mx\/index.php?rest_route=\/wp\/v2\/types\/post"}],"author":[{"embeddable":true,"href":"https:\/\/zonaroja.com.mx\/index.php?rest_route=\/wp\/v2\/users\/2"}],"replies":[{"embeddable":true,"href":"https:\/\/zonaroja.com.mx\/index.php?rest_route=%2Fwp%2Fv2%2Fcomments&post=5672"}],"version-history":[{"count":1,"href":"https:\/\/zonaroja.com.mx\/index.php?rest_route=\/wp\/v2\/posts\/5672\/revisions"}],"predecessor-version":[{"id":5674,"href":"https:\/\/zonaroja.com.mx\/index.php?rest_route=\/wp\/v2\/posts\/5672\/revisions\/5674"}],"wp:featuredmedia":[{"embeddable":true,"href":"https:\/\/zonaroja.com.mx\/index.php?rest_route=\/wp\/v2\/media\/5673"}],"wp:attachment":[{"href":"https:\/\/zonaroja.com.mx\/index.php?rest_route=%2Fwp%2Fv2%2Fmedia&parent=5672"}],"wp:term":[{"taxonomy":"category","embeddable":true,"href":"https:\/\/zonaroja.com.mx\/index.php?rest_route=%2Fwp%2Fv2%2Fcategories&post=5672"},{"taxonomy":"post_tag","embeddable":true,"href":"https:\/\/zonaroja.com.mx\/index.php?rest_route=%2Fwp%2Fv2%2Ftags&post=5672"}],"curies":[{"name":"wp","href":"https:\/\/api.w.org\/{rel}","templated":true}]}}