{"id":56720,"date":"2023-06-21T16:58:17","date_gmt":"2023-06-21T21:58:17","guid":{"rendered":"http:\/\/www.zonaroja.com.mx\/?p=56720"},"modified":"2023-06-21T17:01:18","modified_gmt":"2023-06-21T22:01:18","slug":"inicia-seccion-22-consulta-para-decidir-paro-de-labores-indefinido-pide-renuncias-en-ieepo","status":"publish","type":"post","link":"https:\/\/zonaroja.com.mx\/?p=56720","title":{"rendered":"Inicia Secci\u00f3n 22 consulta para decidir paro de labores indefinido; pide renuncias en IEEPO"},"content":{"rendered":"\n<p>Yuridiana Sosa\/Zona Roja.<\/p>\n\n\n\n<p>Oaxaca de Ju\u00e1rez, Oax., a 21 de junio de 2023.- Ante las insuficientes respuestas satisfactorias al pliego de peticiones por parte del gobierno de Oaxaca y del federal, la Secci\u00f3n 22 del SNTE sostiene la posibilidad de un paro de labores indefinido para cerrar el ciclo escolar y el boicot a la Guelaguetza oficial.<\/p>\n\n\n\n<p>En conferencia de prensa, el Comit\u00e9 Ejecutivo Seccional refrend\u00f3 su posicionamiento pol\u00edtico frente a las negociaciones con los gobiernos, as\u00ed como rechaz\u00f3 las acusaciones y denostaciones que el gobernador Salom\u00f3n Jara ha realizado contra el movimiento magisterial en la b\u00fasqueda de sus derechos laborales y sindicales.<\/p>\n\n\n\n<p>La dirigencia record\u00f3 que a casi dos meses de entregado el pliego de peticiones las respuestas han sido a cuentagotas e insuficientes, por lo que del 21 al 30 de junio se realizar\u00e1 otra consulta a las bases, delegaciones y sectores, para decidir o no un paro de labores indefinido.<\/p>\n\n\n\n<figure class=\"wp-block-embed\"><div class=\"wp-block-embed__wrapper\">\n<div class=\"twitter-tweet\"><blockquote class=\"twitter-tweet\" data-lang=\"es\"><p lang=\"es\" dir=\"ltr\">2. La dirigente de la Secci\u00f3n 22 del SNTE, Yenny Aracely P\u00e9rez Mart\u00ednez, reproch\u00f3 tambi\u00e9n las denostaciones del gobernador <a href=\"https:\/\/twitter.com\/salomonj?ref_src=twsrc%5Etfw\">@salomonj<\/a> contra el movimiento magisterial. <br>Confirm\u00f3 que las mesas de trabajo con los gobiernos estatales y federal est\u00e1n suspendidas.<br>Asimismo, que est\u00e1\u2026 <a href=\"https:\/\/t.co\/HQy2zzPgOW\">pic.twitter.com\/HQy2zzPgOW<\/a><\/p>&mdash; Zona Roja Oaxaca (@ZonaRoja_Oaxaca) <a href=\"https:\/\/twitter.com\/ZonaRoja_Oaxaca\/status\/1671557337050648577?ref_src=twsrc%5Etfw\">21 de junio de 2023<\/a><\/blockquote><\/div>\n<\/div><\/figure>\n\n\n\n<p>La secretaria general de la Secci\u00f3n 22 del SNTE, Yenny Aracely P\u00e9rez Mart\u00ednez, confirm\u00f3 que las mesas de trabajo con los gobiernos estatal y federal est\u00e1n suspendidas por la falta de soluciones a sus demandas centrales.<\/p>\n\n\n\n<p>Dijo que por ello \u201cSeguiremos luchando para llegar a una lucha nacional, unificada de la CNTE, y exigimos al presidente de la Rep\u00fablica atienda las demandas retomando las mesas de negociaci\u00f3n\u201d. <\/p>\n\n\n\n<p>En tanto, que a nivel estatal, la dirigente se\u00f1al\u00f3 la exigencia al gobierno de Jara Cruz de la destituci\u00f3n de funcionarios del IEEPO del nivel de secundaria, de educaci\u00f3n ind\u00edgena, entre otros, al no abonar en la bilateralidad para la soluci\u00f3n de sus demandas.&nbsp;<\/p>\n\n\n\n<p>As\u00ed como reiteraron su demanda a la destituci\u00f3n de Alejandro Tejada Morales de la Polic\u00eda Auxiliar Bancaria, Industrial y <\/p>\n\n\n\n<p>Comercial (PABIC) en Oaxaca.<\/p>\n","protected":false},"excerpt":{"rendered":"<p>Yuridiana Sosa\/Zona Roja. Oaxaca de Ju\u00e1rez, Oax., a 21 de junio de 2023.- Ante las&hellip;<\/p>\n","protected":false},"author":2,"featured_media":56719,"comment_status":"closed","ping_status":"open","sticky":false,"template":"","format":"standard","meta":{"_lmt_disableupdate":"","_lmt_disable":"","_jetpack_memberships_contains_paid_content":false,"footnotes":""},"categories":[109,47],"tags":[],"class_list":["post-56720","post","type-post","status-publish","format-standard","has-post-thumbnail","hentry","category-minuto-a-minuto","category-zona-gris"],"jetpack_featured_media_url":"https:\/\/zonaroja.com.mx\/wp-content\/uploads\/2023\/06\/fe133e27-d015-4e3d-afb1-03fc3df17b2c.jpg","jetpack_sharing_enabled":true,"_links":{"self":[{"href":"https:\/\/zonaroja.com.mx\/index.php?rest_route=\/wp\/v2\/posts\/56720","targetHints":{"allow":["GET"]}}],"collection":[{"href":"https:\/\/zonaroja.com.mx\/index.php?rest_route=\/wp\/v2\/posts"}],"about":[{"href":"https:\/\/zonaroja.com.mx\/index.php?rest_route=\/wp\/v2\/types\/post"}],"author":[{"embeddable":true,"href":"https:\/\/zonaroja.com.mx\/index.php?rest_route=\/wp\/v2\/users\/2"}],"replies":[{"embeddable":true,"href":"https:\/\/zonaroja.com.mx\/index.php?rest_route=%2Fwp%2Fv2%2Fcomments&post=56720"}],"version-history":[{"count":1,"href":"https:\/\/zonaroja.com.mx\/index.php?rest_route=\/wp\/v2\/posts\/56720\/revisions"}],"predecessor-version":[{"id":56721,"href":"https:\/\/zonaroja.com.mx\/index.php?rest_route=\/wp\/v2\/posts\/56720\/revisions\/56721"}],"wp:featuredmedia":[{"embeddable":true,"href":"https:\/\/zonaroja.com.mx\/index.php?rest_route=\/wp\/v2\/media\/56719"}],"wp:attachment":[{"href":"https:\/\/zonaroja.com.mx\/index.php?rest_route=%2Fwp%2Fv2%2Fmedia&parent=56720"}],"wp:term":[{"taxonomy":"category","embeddable":true,"href":"https:\/\/zonaroja.com.mx\/index.php?rest_route=%2Fwp%2Fv2%2Fcategories&post=56720"},{"taxonomy":"post_tag","embeddable":true,"href":"https:\/\/zonaroja.com.mx\/index.php?rest_route=%2Fwp%2Fv2%2Ftags&post=56720"}],"curies":[{"name":"wp","href":"https:\/\/api.w.org\/{rel}","templated":true}]}}