{"id":56722,"date":"2023-06-21T20:04:01","date_gmt":"2023-06-22T01:04:01","guid":{"rendered":"http:\/\/www.zonaroja.com.mx\/?p=56722"},"modified":"2023-06-21T20:04:05","modified_gmt":"2023-06-22T01:04:05","slug":"crece-inconformidad-de-burocratas-contra-jara-cruz-y-le-gritan-fuera-el-gobernador","status":"publish","type":"post","link":"https:\/\/zonaroja.com.mx\/?p=56722","title":{"rendered":"Crece inconformidad de bur\u00f3cratas contra Jara Cruz y le gritan \u201c\u00a1fuera el gobernador!\u201d"},"content":{"rendered":"\n<p>Yuridiana Sosa\/Zona Roja.<\/p>\n\n\n\n<p>Oaxaca de Ju\u00e1rez, Oax., a 21 de junio de 2023.- La inconformidad de la base trabajadora del Gobierno del Estado contra el mandatario Salom\u00f3n Jara Cruz se extendi\u00f3 este mi\u00e9rcoles y lleg\u00f3 a las oficinas del DIF Estatal, donde adem\u00e1s acusan nepotismo por parte de la presidenta honorario, Irma Bola\u00f1os, y la falta de recursos para atender a la poblaci\u00f3n vulnerable.<\/p>\n\n\n\n<p>Las oficinas centrales del DIF de Oaxaca fueron tupidas con cartulinas con quejas y denuncias sobre los actos cometidos por el gobierno actual en dicha instituci\u00f3n donde tambi\u00e9n prevalece la incapacidad de los nuevos funcionarios para atender las carencias.<\/p>\n\n\n\n<p>Esto tras las acusaciones del mandatario al se\u00f1alar que los bur\u00f3cratas, del Sindicato de Trabajadores de los Poderes del Estado e Instituciones Descentralizadas de Car\u00e1cter Estatal de Oaxaca (STPEIDCEO), entorpecen la transformaci\u00f3n y cometen actos de corrupci\u00f3n; raz\u00f3n que este martes tambi\u00e9n moviliz\u00f3 a los sindicalizados de la Secretar\u00eda de Movilidad (Semovi).<\/p>\n\n\n\n<p>En el caso de DIF Oaxaca, que encabeza Irma Bola\u00f1os, apuntaron la contrataci\u00f3n de sobrinos, ahijados, y otros familiares adem\u00e1s de amigos de la pareja Jara Bola\u00f1os.<\/p>\n\n\n\n<p>Una de las trabajadoras con 40 a\u00f1os de antig\u00fcedad laboral, Flavia M\u00e1rquez, se\u00f1al\u00f3 que desde la llegada de Salom\u00f3n Jara, hace seis meses, la instituci\u00f3n carece de los m\u00e1s elemental, como hojas de papel para tr\u00e1mites, as\u00ed como de mantenimiento en las instalaciones, lo cual en muchas ocasiones ha sido cubierto por los trabajadores.<\/p>\n\n\n\n<p>Cuestion\u00f3 al gobernador en no tomar en cuenta estos aspectos ante de se\u00f1alar la labor de la base, por lo que consideraron que una disculpa p\u00fablica es insuficiente para reparar el da\u00f1o moral hacia los trabajadores.<\/p>\n\n\n\n<p>\u201c\u00a1Fuera el gobernador!\u201d, manifestaron los bur\u00f3cratas en respuesta a las acusaciones, y agregaron que en pr\u00f3ximos d\u00edas la base trabajadora definir\u00e1 en asamblea las acciones que emprender\u00e1n contra el mandatario.<\/p>\n\n\n\n<p>\u201cSe\u00f1or gobernador nos vemos en las votaciones del 2024\u201d; \u201c\u00bfD\u00f3nde qued\u00f3 la primavera? Desde hace seis meses solo hemos escuchado promesas, no tenemos materiales y nunca hay presupuesto para nada\u201d; \u201c\u00bfD\u00f3nde qued\u00f3 el dinero que se ahorr\u00f3?\u201d; \u201cLa presidenta del DIF dice que nadie se queda atr\u00e1s, nadie se queda afuera, pero vamos a dejar fuera a su marido por culero. Tambi\u00e9n a su familia\u201d, fueron solo algunas de las expresiones de la base trabajadora contra Jara Cruz y su esposa.\u00a0<\/p>\n\n\n\n<figure class=\"wp-block-embed is-type-rich is-provider-twitter wp-block-embed-twitter\"><div class=\"wp-block-embed__wrapper\">\n<div class=\"twitter-tweet\"><blockquote class=\"twitter-tweet\" data-lang=\"es\"><p lang=\"es\" dir=\"ltr\">Crece la inconformidad sindical en el <a href=\"https:\/\/twitter.com\/stpeidceo22_25?ref_src=twsrc%5Etfw\">@stpeidceo22_25<\/a>, por las acusaciones del gobernador <a href=\"https:\/\/twitter.com\/salomonj?ref_src=twsrc%5Etfw\">@salomonj<\/a>.<br>Ahora es en el <a href=\"https:\/\/twitter.com\/DIF_Oaxaca?ref_src=twsrc%5Etfw\">@DIF_Oaxaca<\/a> en que trabajadores exigen una disculpa p\u00fablica y, adem\u00e1s, que cesen a los familiares del mandatario incrustados en esa instituci\u00f3n. <a href=\"https:\/\/t.co\/vczwCHjLcM\">pic.twitter.com\/vczwCHjLcM<\/a><\/p>&mdash; Zona Roja Oaxaca (@ZonaRoja_Oaxaca) <a href=\"https:\/\/twitter.com\/ZonaRoja_Oaxaca\/status\/1671622370426073088?ref_src=twsrc%5Etfw\">21 de junio de 2023<\/a><\/blockquote><\/div>\n<\/div><\/figure>\n","protected":false},"excerpt":{"rendered":"<p>Yuridiana Sosa\/Zona Roja. Oaxaca de Ju\u00e1rez, Oax., a 21 de junio de 2023.- La inconformidad&hellip;<\/p>\n","protected":false},"author":2,"featured_media":56723,"comment_status":"closed","ping_status":"open","sticky":false,"template":"","format":"standard","meta":{"_lmt_disableupdate":"","_lmt_disable":"","_jetpack_memberships_contains_paid_content":false,"footnotes":""},"categories":[109,47],"tags":[841,939],"class_list":["post-56722","post","type-post","status-publish","format-standard","has-post-thumbnail","hentry","category-minuto-a-minuto","category-zona-gris","tag-dif-oaxaca","tag-salomon-jara-cruz"],"jetpack_featured_media_url":"https:\/\/zonaroja.com.mx\/wp-content\/uploads\/2023\/06\/Protesta-buroctatas-DIF-contra-gobernador.jpg","jetpack_sharing_enabled":true,"_links":{"self":[{"href":"https:\/\/zonaroja.com.mx\/index.php?rest_route=\/wp\/v2\/posts\/56722","targetHints":{"allow":["GET"]}}],"collection":[{"href":"https:\/\/zonaroja.com.mx\/index.php?rest_route=\/wp\/v2\/posts"}],"about":[{"href":"https:\/\/zonaroja.com.mx\/index.php?rest_route=\/wp\/v2\/types\/post"}],"author":[{"embeddable":true,"href":"https:\/\/zonaroja.com.mx\/index.php?rest_route=\/wp\/v2\/users\/2"}],"replies":[{"embeddable":true,"href":"https:\/\/zonaroja.com.mx\/index.php?rest_route=%2Fwp%2Fv2%2Fcomments&post=56722"}],"version-history":[{"count":1,"href":"https:\/\/zonaroja.com.mx\/index.php?rest_route=\/wp\/v2\/posts\/56722\/revisions"}],"predecessor-version":[{"id":56724,"href":"https:\/\/zonaroja.com.mx\/index.php?rest_route=\/wp\/v2\/posts\/56722\/revisions\/56724"}],"wp:featuredmedia":[{"embeddable":true,"href":"https:\/\/zonaroja.com.mx\/index.php?rest_route=\/wp\/v2\/media\/56723"}],"wp:attachment":[{"href":"https:\/\/zonaroja.com.mx\/index.php?rest_route=%2Fwp%2Fv2%2Fmedia&parent=56722"}],"wp:term":[{"taxonomy":"category","embeddable":true,"href":"https:\/\/zonaroja.com.mx\/index.php?rest_route=%2Fwp%2Fv2%2Fcategories&post=56722"},{"taxonomy":"post_tag","embeddable":true,"href":"https:\/\/zonaroja.com.mx\/index.php?rest_route=%2Fwp%2Fv2%2Ftags&post=56722"}],"curies":[{"name":"wp","href":"https:\/\/api.w.org\/{rel}","templated":true}]}}