{"id":56727,"date":"2023-06-21T22:52:42","date_gmt":"2023-06-22T03:52:42","guid":{"rendered":"http:\/\/www.zonaroja.com.mx\/?p=56727"},"modified":"2023-06-21T22:52:45","modified_gmt":"2023-06-22T03:52:45","slug":"violencia-criminal-sigue-en-amoltepec-asesinan-a-individuo","status":"publish","type":"post","link":"https:\/\/zonaroja.com.mx\/?p=56727","title":{"rendered":"Violencia criminal sigue en Amoltepec; asesinan a individuo"},"content":{"rendered":"\n<p>Redacci\u00f3n\/Zona Roja.<\/p>\n\n\n\n<p>Oaxaca de Ju\u00e1rez, Oax., a 21 de junio de 2023.- La ola de violencia contin\u00faa en Santiago Amoltepec, municipio de la regi\u00f3n Sierra Sur en que docentes de la Secci\u00f3n 22 del SNTE suspendieron clases m\u00e1s de un mes, en demanda de seguridad y vigilancia policiaca.<\/p>\n\n\n\n<p>Frente a la escuela primaria de la localidad de Piedra del Tambor fue asesinado a balazos un individuo, quien fue identificado como Nemorio V. R., de aproximadamente 55 a\u00f1os de edad.<\/p>\n\n\n\n<p>A\u00fan se desconocen las causas por las cuales fue acribillado y personal de la Polic\u00eda Estatal, dependiente de la Secretar\u00eda de Seguridad estatal, no pudo ingresar a la comunidad, por temor a ser retenidos.<\/p>\n\n\n\n<p>La Fiscal\u00eda General del Estado de Oaxaca inici\u00f3 la Carpeta de Investigaci\u00f3n correspondiente, para dar con el o los autores del crimen.<\/p>\n\n\n\n<p>Por otra parte, en la agencia de Buena Vista, municipio de San Pedro Ixtlahuaca, conurbado a la capital, fue hallado sin vida el cuerpo de una persona del sexo masculino, en estado de putrefacci\u00f3n.<\/p>\n\n\n\n<p>Hab\u00eda sido reportada como desaparecida desde el pasado fin de semana y fue identificado como Leonardo \u201cN\u201d, dedicado a la pelea de gallos.<\/p>\n\n\n\n<p>Hasta el momento se desconocen las causas de su muerte, mismas que se determinar\u00e1n una vez que se realicen los peritajes y la autopsia correspondiente.<\/p>\n","protected":false},"excerpt":{"rendered":"<p>Redacci\u00f3n\/Zona Roja. Oaxaca de Ju\u00e1rez, Oax., a 21 de junio de 2023.- La ola de&hellip;<\/p>\n","protected":false},"author":2,"featured_media":56728,"comment_status":"closed","ping_status":"open","sticky":false,"template":"","format":"standard","meta":{"_lmt_disableupdate":"","_lmt_disable":"","_jetpack_memberships_contains_paid_content":false,"footnotes":""},"categories":[109,51],"tags":[1236],"class_list":["post-56727","post","type-post","status-publish","format-standard","has-post-thumbnail","hentry","category-minuto-a-minuto","category-zona-roja","tag-villa-sola-de-vega"],"jetpack_featured_media_url":"https:\/\/zonaroja.com.mx\/wp-content\/uploads\/2023\/06\/Muerto-San-Pedro-Ixtlahuaca.jpg","jetpack_sharing_enabled":true,"_links":{"self":[{"href":"https:\/\/zonaroja.com.mx\/index.php?rest_route=\/wp\/v2\/posts\/56727","targetHints":{"allow":["GET"]}}],"collection":[{"href":"https:\/\/zonaroja.com.mx\/index.php?rest_route=\/wp\/v2\/posts"}],"about":[{"href":"https:\/\/zonaroja.com.mx\/index.php?rest_route=\/wp\/v2\/types\/post"}],"author":[{"embeddable":true,"href":"https:\/\/zonaroja.com.mx\/index.php?rest_route=\/wp\/v2\/users\/2"}],"replies":[{"embeddable":true,"href":"https:\/\/zonaroja.com.mx\/index.php?rest_route=%2Fwp%2Fv2%2Fcomments&post=56727"}],"version-history":[{"count":1,"href":"https:\/\/zonaroja.com.mx\/index.php?rest_route=\/wp\/v2\/posts\/56727\/revisions"}],"predecessor-version":[{"id":56729,"href":"https:\/\/zonaroja.com.mx\/index.php?rest_route=\/wp\/v2\/posts\/56727\/revisions\/56729"}],"wp:featuredmedia":[{"embeddable":true,"href":"https:\/\/zonaroja.com.mx\/index.php?rest_route=\/wp\/v2\/media\/56728"}],"wp:attachment":[{"href":"https:\/\/zonaroja.com.mx\/index.php?rest_route=%2Fwp%2Fv2%2Fmedia&parent=56727"}],"wp:term":[{"taxonomy":"category","embeddable":true,"href":"https:\/\/zonaroja.com.mx\/index.php?rest_route=%2Fwp%2Fv2%2Fcategories&post=56727"},{"taxonomy":"post_tag","embeddable":true,"href":"https:\/\/zonaroja.com.mx\/index.php?rest_route=%2Fwp%2Fv2%2Ftags&post=56727"}],"curies":[{"name":"wp","href":"https:\/\/api.w.org\/{rel}","templated":true}]}}