{"id":56734,"date":"2023-06-22T08:25:02","date_gmt":"2023-06-22T13:25:02","guid":{"rendered":"http:\/\/www.zonaroja.com.mx\/?p=56734"},"modified":"2023-06-22T08:25:04","modified_gmt":"2023-06-22T13:25:04","slug":"violencia-sin-freno-ejecutan-a-mototaxista-en-juchitan","status":"publish","type":"post","link":"https:\/\/zonaroja.com.mx\/?p=56734","title":{"rendered":"Violencia sin freno: ejecutan a mototaxista en Juchit\u00e1n"},"content":{"rendered":"\n<p>Redacci\u00f3n\/Zona Roja.<\/p>\n\n\n\n<p>Oaxaca de Ju\u00e1rez, Oax., a 22 de mayo de 2023.- Sin vigilancia policiaca municipal, estatal o federal, en Juchit\u00e1n de Zaragoza contin\u00faa la ola de cr\u00edmenes<\/p>\n\n\n\n<p>Anoche, frente a un hotel ubicado en la calle 16 de Septiembre, fue ejecutado un mototaxistas.<\/p>\n\n\n\n<p>Un sujeto armado le dispar\u00f3 de manera directa tras lo cual huy\u00f3, sin que hubiera polic\u00edas en la zona para que fuera perseguido.<\/p>\n\n\n\n<p>La v\u00edctima fue identificada por sus familiares como Rafael R. de la C., quien conduc\u00eda el mototaxi del sitio \u201cCanal 33\u201d cuando fue ultimado. Personal de la Vicefiscal\u00eda Regional del Istmo inici\u00f3 las indagatorias correspondientes.<\/p>\n\n\n\n<p>INDAGAN INTOXICACI\u00d3N<\/p>\n\n\n\n<p>Tambi\u00e9n en la regi\u00f3n del Istmo de Tehuantepec pero en el municipio de Salina Cruz, al menos cinco alumnos se intoxicaron, por ingerir bocadillos presuntamente con alg\u00fan enervante.<\/p>\n\n\n\n<p>El hecho ocurri\u00f3 ayer por la tarde en el Centro de Bachillerato Tecnol\u00f3gico, Industrial y de Servicios n\u00famero 25.<\/p>\n\n\n\n<p>Param\u00e9dicos y polic\u00edas arribaron al plantel para atender a los estudiantes, quienes no ameritaron hospitalizaci\u00f3n.<\/p>\n\n\n\n<p>De acuerdo con el periodista Edwin Meneses, los menores responden a los nombres de N.G.C., J. A. V. G. L., J. H. M., J. G. L. , C. E. M. R. de 17, 16, 18, 17 y 16 a\u00f1os de edad respectivamente.&nbsp;<\/p>\n\n\n\n<p>En dicho plantel de nivel bachillerato recientemente se asegur\u00f3 un arma de fuego a un estudiante y previamente otro alumno un arma de juguete, entre otras irregularidades.<\/p>\n","protected":false},"excerpt":{"rendered":"<p>Redacci\u00f3n\/Zona Roja. Oaxaca de Ju\u00e1rez, Oax., a 22 de mayo de 2023.- Sin vigilancia policiaca&hellip;<\/p>\n","protected":false},"author":2,"featured_media":56735,"comment_status":"closed","ping_status":"open","sticky":false,"template":"","format":"standard","meta":{"_lmt_disableupdate":"","_lmt_disable":"","_jetpack_memberships_contains_paid_content":false,"footnotes":""},"categories":[109,51],"tags":[123],"class_list":["post-56734","post","type-post","status-publish","format-standard","has-post-thumbnail","hentry","category-minuto-a-minuto","category-zona-roja","tag-juchitan-de-zaragoza"],"jetpack_featured_media_url":"https:\/\/zonaroja.com.mx\/wp-content\/uploads\/2023\/06\/Mototaxista-asesinado-Juchitan.jpeg","jetpack_sharing_enabled":true,"_links":{"self":[{"href":"https:\/\/zonaroja.com.mx\/index.php?rest_route=\/wp\/v2\/posts\/56734","targetHints":{"allow":["GET"]}}],"collection":[{"href":"https:\/\/zonaroja.com.mx\/index.php?rest_route=\/wp\/v2\/posts"}],"about":[{"href":"https:\/\/zonaroja.com.mx\/index.php?rest_route=\/wp\/v2\/types\/post"}],"author":[{"embeddable":true,"href":"https:\/\/zonaroja.com.mx\/index.php?rest_route=\/wp\/v2\/users\/2"}],"replies":[{"embeddable":true,"href":"https:\/\/zonaroja.com.mx\/index.php?rest_route=%2Fwp%2Fv2%2Fcomments&post=56734"}],"version-history":[{"count":1,"href":"https:\/\/zonaroja.com.mx\/index.php?rest_route=\/wp\/v2\/posts\/56734\/revisions"}],"predecessor-version":[{"id":56736,"href":"https:\/\/zonaroja.com.mx\/index.php?rest_route=\/wp\/v2\/posts\/56734\/revisions\/56736"}],"wp:featuredmedia":[{"embeddable":true,"href":"https:\/\/zonaroja.com.mx\/index.php?rest_route=\/wp\/v2\/media\/56735"}],"wp:attachment":[{"href":"https:\/\/zonaroja.com.mx\/index.php?rest_route=%2Fwp%2Fv2%2Fmedia&parent=56734"}],"wp:term":[{"taxonomy":"category","embeddable":true,"href":"https:\/\/zonaroja.com.mx\/index.php?rest_route=%2Fwp%2Fv2%2Fcategories&post=56734"},{"taxonomy":"post_tag","embeddable":true,"href":"https:\/\/zonaroja.com.mx\/index.php?rest_route=%2Fwp%2Fv2%2Ftags&post=56734"}],"curies":[{"name":"wp","href":"https:\/\/api.w.org\/{rel}","templated":true}]}}