{"id":56742,"date":"2023-06-22T12:28:00","date_gmt":"2023-06-22T17:28:00","guid":{"rendered":"http:\/\/www.zonaroja.com.mx\/?p=56742"},"modified":"2023-06-22T08:29:45","modified_gmt":"2023-06-22T13:29:45","slug":"despues-de-dos-meses-reanudan-clases-en-amoltepec","status":"publish","type":"post","link":"https:\/\/zonaroja.com.mx\/?p=56742","title":{"rendered":"Despu\u00e9s de dos meses, reanudan clases en Amoltepec"},"content":{"rendered":"\n<p>Ismael Garc\u00eda M.\/Zona Roja.<\/p>\n\n\n\n<p>Oaxaca de Ju\u00e1rez, Oax., a 22 de junio de 2023.- Luego de dos meses de paro de labores, ayer mi\u00e9rcoles docentes afiliados a la Secci\u00f3n 22 del Sindicato Nacional de Trabajadores de la Educaci\u00f3n (SNTE) reanudaron clases en Santiago Amoltepec.<\/p>\n\n\n\n<p>Fue a mediados de abril en que las y los maestros asignados a dicho municipio iniciaron el paro de labores y se concentraron en la capital de Oaxaca, ante la ola de cr\u00edmenes y la inseguridad, de la que incluso han sido v\u00edctimas los docentes.<\/p>\n\n\n\n<p>En reiteradas ocasiones, incluso con protestas en el z\u00f3calo, exigieron al gobierno de Salom\u00f3n Jara Cruz que destinara patrullas y elementos policiacos a la zona, para garantizar la seguridad; pese a las minutas firmadas, la autoridad no cumpli\u00f3.<\/p>\n\n\n\n<p>Fue el pasado partes en que finalmente se llev\u00f3 a cabo la asamblea en Amoltepec, con la presencia del presidente municipal del lugar, agentes municipales, padres y madres de familia, maestros y maestras de los diferentes niveles educativos de la comunidad.<\/p>\n\n\n\n<p>Estuvieron tambi\u00e9n presentes funcionarios de la Defensor\u00eda de los Derechos Humanos del Pueblo de Oaxaca, el delegado regional de la Sierra Sur del IEEPO, el delegado por la Paz Social del Distrito 21 y el &nbsp;subcoordinador General del Delegado de la Paz Social del Gobierno del Estado.<\/p>\n\n\n\n<p>Por parte de la Secci\u00f3n 22 estuvieron presentes el enlace de la Comisi\u00f3n Pol\u00edtica, titular y auxiliar de la Secretar\u00eda de Trabajos y Conflictos del Nivel de Educaci\u00f3n de los Pueblos Originarios de Oaxaca, Noelis Vel\u00e1squez Ruiz, Rodrigo S\u00e1nchez Joaqu\u00edn y &nbsp;M\u00e1ximino Cruz, respectivamente.<\/p>\n\n\n\n<p>Asimismo, el uxiliar de la Secretar\u00eda de Organizaci\u00f3n de los Valles Centrales Mar\u00eda Z\u00e1rate Mart\u00ednez; el representante Sectorial de Zimatl\u00e1n,&nbsp;Vicenta Padilla as\u00ed como la abogada Deyanira Hern\u00e1ndez Reyes donde acordaron el regreso a clases normales a partir de este mi\u00e9rcoles 21 de junio.<\/p>\n\n\n\n<p>La Secci\u00f3n 222 se comprometi\u00f3 a recuperar los contenidos educativos a fin de concluir el ciclo escolar de manera satisfactoria en favor de alrededor de cuatro mil 500 alumnos de unos 50 planteles afectados.<\/p>\n","protected":false},"excerpt":{"rendered":"<p>Ismael Garc\u00eda M.\/Zona Roja. Oaxaca de Ju\u00e1rez, Oax., a 22 de junio de 2023.- Luego&hellip;<\/p>\n","protected":false},"author":2,"featured_media":56743,"comment_status":"closed","ping_status":"open","sticky":false,"template":"","format":"standard","meta":{"_lmt_disableupdate":"","_lmt_disable":"","_jetpack_memberships_contains_paid_content":false,"footnotes":""},"categories":[109,47],"tags":[860],"class_list":["post-56742","post","type-post","status-publish","format-standard","has-post-thumbnail","hentry","category-minuto-a-minuto","category-zona-gris","tag-santiago-amoltepec"],"jetpack_featured_media_url":"https:\/\/zonaroja.com.mx\/wp-content\/uploads\/2023\/06\/Asamblea-Seccion-22-Amoltepec.jpg","jetpack_sharing_enabled":true,"_links":{"self":[{"href":"https:\/\/zonaroja.com.mx\/index.php?rest_route=\/wp\/v2\/posts\/56742","targetHints":{"allow":["GET"]}}],"collection":[{"href":"https:\/\/zonaroja.com.mx\/index.php?rest_route=\/wp\/v2\/posts"}],"about":[{"href":"https:\/\/zonaroja.com.mx\/index.php?rest_route=\/wp\/v2\/types\/post"}],"author":[{"embeddable":true,"href":"https:\/\/zonaroja.com.mx\/index.php?rest_route=\/wp\/v2\/users\/2"}],"replies":[{"embeddable":true,"href":"https:\/\/zonaroja.com.mx\/index.php?rest_route=%2Fwp%2Fv2%2Fcomments&post=56742"}],"version-history":[{"count":1,"href":"https:\/\/zonaroja.com.mx\/index.php?rest_route=\/wp\/v2\/posts\/56742\/revisions"}],"predecessor-version":[{"id":56744,"href":"https:\/\/zonaroja.com.mx\/index.php?rest_route=\/wp\/v2\/posts\/56742\/revisions\/56744"}],"wp:featuredmedia":[{"embeddable":true,"href":"https:\/\/zonaroja.com.mx\/index.php?rest_route=\/wp\/v2\/media\/56743"}],"wp:attachment":[{"href":"https:\/\/zonaroja.com.mx\/index.php?rest_route=%2Fwp%2Fv2%2Fmedia&parent=56742"}],"wp:term":[{"taxonomy":"category","embeddable":true,"href":"https:\/\/zonaroja.com.mx\/index.php?rest_route=%2Fwp%2Fv2%2Fcategories&post=56742"},{"taxonomy":"post_tag","embeddable":true,"href":"https:\/\/zonaroja.com.mx\/index.php?rest_route=%2Fwp%2Fv2%2Ftags&post=56742"}],"curies":[{"name":"wp","href":"https:\/\/api.w.org\/{rel}","templated":true}]}}