{"id":5675,"date":"2019-11-12T10:17:15","date_gmt":"2019-11-12T16:17:15","guid":{"rendered":"http:\/\/www.zonaroja.com.mx\/?p=5675"},"modified":"2019-11-12T14:38:52","modified_gmt":"2019-11-12T20:38:52","slug":"desaparecen-dos-jovenes-uno-es-policia-municipal-de-la-capital-y-otro-ex-policia","status":"publish","type":"post","link":"https:\/\/zonaroja.com.mx\/?p=5675","title":{"rendered":"Desaparecen dos j\u00f3venes, uno es polic\u00eda municipal de la capital y otro ex polic\u00eda"},"content":{"rendered":"\n<p>Redacci\u00f3n\/Zona Roja.<\/p>\n\n\n\n<p>Oaxaca de Ju\u00e1rez, Oax., 11 de noviembre\nde 2019.- Dos j\u00f3venes, uno de ellos polic\u00eda municipal de Oaxaca de Ju\u00e1rez, y\nuno ex polic\u00eda, fueron reportados como desaparecidos desde el jueves en la\nentidad.<\/p>\n\n\n\n<p>Presuntamente habr\u00edan acudido a Santa Mar\u00eda Tlahuitoltepec Mixe, donde no se supo m\u00e1s de ellos.<\/p>\n\n\n\n<p>Ayer fueron difundidas las fichas de\nb\u00fasqueda del motopatrullero C\u00e9sar Altamirano Garc\u00eda, de 43 a\u00f1os de edad, quien\nfue visto por \u00faltima vez la ma\u00f1ana del jueves 7 de noviembre en Santa Mar\u00eda\nIxcotel a bordo de la camioneta Seat tipo Alambra con placas de circulaci\u00f3n\nTLJ-8069 de Oaxaca.<\/p>\n\n\n\n<p>Vest\u00eda una playera de cuello redondo azul marino, chamarra negra, pantal\u00f3n de gabardina de color caf\u00e9 y tenis desgastado marca Nke de color azul.<\/p>\n\n\n\n<figure class=\"wp-block-image\"><img decoding=\"async\" width=\"622\" height=\"1024\" src=\"http:\/\/www.zonaroja.com.mx\/wp-content\/uploads\/2019\/11\/2957e5e3-2104-4199-9d9d-40622d632e1f-622x1024.jpg\" alt=\"\" class=\"wp-image-5677\" srcset=\"https:\/\/zonaroja.com.mx\/wp-content\/uploads\/2019\/11\/2957e5e3-2104-4199-9d9d-40622d632e1f-622x1024.jpg 622w, https:\/\/zonaroja.com.mx\/wp-content\/uploads\/2019\/11\/2957e5e3-2104-4199-9d9d-40622d632e1f-182x300.jpg 182w, https:\/\/zonaroja.com.mx\/wp-content\/uploads\/2019\/11\/2957e5e3-2104-4199-9d9d-40622d632e1f-768x1265.jpg 768w, https:\/\/zonaroja.com.mx\/wp-content\/uploads\/2019\/11\/2957e5e3-2104-4199-9d9d-40622d632e1f-585x964.jpg 585w, https:\/\/zonaroja.com.mx\/wp-content\/uploads\/2019\/11\/2957e5e3-2104-4199-9d9d-40622d632e1f.jpg 777w\" sizes=\"(max-width: 622px) 100vw, 622px\" \/><\/figure>\n\n\n\n<p>En tanto que Heriberto Antonio Cruz\nD\u00edaz, de 36 a\u00f1os de edad, viajaba en una motocicleta Honda tipo Falcon de color\nnegra con letras roja, llevaba casco de motociclista y sus familiares\nreportaron que desapareci\u00f3 en la ciudad capital, aunque desde el s\u00e1bado,\nreportaron que estaba almorzando en el mercado de Tlacolula de Matamoros.<\/p>\n\n\n\n<p>Heriberto tiene varios tatuajes y uno\nde ellos de un cr\u00e1neo en la mu\u00f1eca derecha, en tanto en la izquierda un signo\njapon\u00e9s rojo, una santa muerte en el pecho, dos corazones de color azul y rojo\nen el pecho derecho, los nombres de Pamela y Yaretzi en en el brazo derecho y\nen la espalda el letrero de Kony.<\/p>\n\n\n\n<p>Viste Pantal\u00f3n de mezclilla azul, botas negras de motociclistas y chamarra azul.<\/p>\n\n\n\n<figure class=\"wp-block-image\"><img decoding=\"async\" width=\"622\" height=\"1024\" src=\"http:\/\/www.zonaroja.com.mx\/wp-content\/uploads\/2019\/11\/a3f7702d-b12b-4119-8a0c-5a116378e5eb-622x1024.jpg\" alt=\"\" class=\"wp-image-5678\" srcset=\"https:\/\/zonaroja.com.mx\/wp-content\/uploads\/2019\/11\/a3f7702d-b12b-4119-8a0c-5a116378e5eb-622x1024.jpg 622w, https:\/\/zonaroja.com.mx\/wp-content\/uploads\/2019\/11\/a3f7702d-b12b-4119-8a0c-5a116378e5eb-182x300.jpg 182w, https:\/\/zonaroja.com.mx\/wp-content\/uploads\/2019\/11\/a3f7702d-b12b-4119-8a0c-5a116378e5eb-768x1265.jpg 768w, https:\/\/zonaroja.com.mx\/wp-content\/uploads\/2019\/11\/a3f7702d-b12b-4119-8a0c-5a116378e5eb-585x964.jpg 585w, https:\/\/zonaroja.com.mx\/wp-content\/uploads\/2019\/11\/a3f7702d-b12b-4119-8a0c-5a116378e5eb.jpg 777w\" sizes=\"(max-width: 622px) 100vw, 622px\" \/><\/figure>\n\n\n\n<p>Por otra parte, el mismo d\u00eda jueves 7\nde noviembre, a las 14:00 horas, sujetos armados ingresaron a un domicilio en Tlahuitoltepec\nMixe, donde golpearon a una persona y supuestamente fue trasladada a un\nhospital.<\/p>\n\n\n\n<p>Tras los hechos, los pobladores se organizaron y cerraron todas las carreteras para evitar que se dieran a la fuga. Se inform\u00f3 que los dos presuntos responsables eran el polic\u00eda y el ex polic\u00eda fueron detenidos y habr\u00ecan sido linchados. La camioneta Seat del polic\u00eda municipal fue localizada en la comunidad.<\/p>\n","protected":false},"excerpt":{"rendered":"<p>Redacci\u00f3n\/Zona Roja. Oaxaca de Ju\u00e1rez, Oax., 11 de noviembre de 2019.- Dos j\u00f3venes, uno de&hellip;<\/p>\n","protected":false},"author":2,"featured_media":5676,"comment_status":"closed","ping_status":"open","sticky":false,"template":"","format":"standard","meta":{"_lmt_disableupdate":"","_lmt_disable":"","_jetpack_memberships_contains_paid_content":false,"footnotes":""},"categories":[1],"tags":[],"class_list":["post-5675","post","type-post","status-publish","format-standard","has-post-thumbnail","hentry","category-sin-categoria"],"jetpack_featured_media_url":"https:\/\/zonaroja.com.mx\/wp-content\/uploads\/2019\/11\/3bfa3df0-0a51-4840-bfa2-2f1cb958afb7.jpg","jetpack_sharing_enabled":true,"_links":{"self":[{"href":"https:\/\/zonaroja.com.mx\/index.php?rest_route=\/wp\/v2\/posts\/5675","targetHints":{"allow":["GET"]}}],"collection":[{"href":"https:\/\/zonaroja.com.mx\/index.php?rest_route=\/wp\/v2\/posts"}],"about":[{"href":"https:\/\/zonaroja.com.mx\/index.php?rest_route=\/wp\/v2\/types\/post"}],"author":[{"embeddable":true,"href":"https:\/\/zonaroja.com.mx\/index.php?rest_route=\/wp\/v2\/users\/2"}],"replies":[{"embeddable":true,"href":"https:\/\/zonaroja.com.mx\/index.php?rest_route=%2Fwp%2Fv2%2Fcomments&post=5675"}],"version-history":[{"count":2,"href":"https:\/\/zonaroja.com.mx\/index.php?rest_route=\/wp\/v2\/posts\/5675\/revisions"}],"predecessor-version":[{"id":5680,"href":"https:\/\/zonaroja.com.mx\/index.php?rest_route=\/wp\/v2\/posts\/5675\/revisions\/5680"}],"wp:featuredmedia":[{"embeddable":true,"href":"https:\/\/zonaroja.com.mx\/index.php?rest_route=\/wp\/v2\/media\/5676"}],"wp:attachment":[{"href":"https:\/\/zonaroja.com.mx\/index.php?rest_route=%2Fwp%2Fv2%2Fmedia&parent=5675"}],"wp:term":[{"taxonomy":"category","embeddable":true,"href":"https:\/\/zonaroja.com.mx\/index.php?rest_route=%2Fwp%2Fv2%2Fcategories&post=5675"},{"taxonomy":"post_tag","embeddable":true,"href":"https:\/\/zonaroja.com.mx\/index.php?rest_route=%2Fwp%2Fv2%2Ftags&post=5675"}],"curies":[{"name":"wp","href":"https:\/\/api.w.org\/{rel}","templated":true}]}}