{"id":56750,"date":"2023-06-22T14:17:00","date_gmt":"2023-06-22T19:17:00","guid":{"rendered":"http:\/\/www.zonaroja.com.mx\/?p=56750"},"modified":"2023-06-22T09:18:44","modified_gmt":"2023-06-22T14:18:44","slug":"piden-sentencia-ejemplar-contra-homicida-de-ex-tesorera-de-oaxaca","status":"publish","type":"post","link":"https:\/\/zonaroja.com.mx\/?p=56750","title":{"rendered":"Piden sentencia ejemplar contra homicida de ex tesorera de Oaxaca"},"content":{"rendered":"\n<p>Redacci\u00f3n\/Zona Roja.<\/p>\n\n\n\n<p>Oaxaca de Ju\u00e1rez, Oax., a 22 de junio de 2023.- Familiares de Yanet Gonz\u00e1lez L\u00f3pez, quien fuera tesorera del ayuntamiento de Constancia del Rosario, Putla, demandaron una sentencia ejemplar en contra del presunto homicida, identificado como Pablo S.<\/p>\n\n\n\n<p>En un comunicado, informaron que el d\u00eda 12 de junio del presente a\u00f1o inici\u00f3 la audiencia de debate a juicio en la causa penal 227\/2022 que se desarrolla en el Centro de justicia de Tanivet, Tlacolula, y que este 22 de junio culminar\u00e1 con la sentencia que dicte el juez.<\/p>\n\n\n\n<p>Pablo S. est\u00e1 acusado&nbsp;del delito de homicidio calificado por la muerte de la defensora de derechos humanos y tesorera municipal de Constancia del Rosario, Putla, Yaneth Gonz\u00e1lez L\u00f3pez.<\/p>\n\n\n\n<p>Fue el d\u00eda lunes 26 de marzo de 2018 aproximadamente a las 18:50 horas de la tarde, la mujer lleg\u00f3 a la unidad habitacional Pochtlan, Putla Villa de Guerrero, lugar donde viv\u00eda, a bordo de su camioneta blanca Chevrolet, tipo Tracker, en compa\u00f1\u00eda de su hijo de nueve a\u00f1os de edad.<\/p>\n\n\n\n<p>Cuando al estacionar su camioneta frente a su vivienda a la altura de la puerta principal, dos personas del sexo masculino le dispararon en la cabeza y cuerpo caus\u00e1ndole la muerte de forma instant\u00e1nea, todo esto con la presencia de sus familiares.<\/p>\n\n\n\n<p>De este hecho se inici\u00f3 la Carpeta de Investigaci\u00f3n 1014\/PG\/2018 por el delito de Homicidio calificado de Yaneth Gonz\u00e1lez L\u00f3pez.<\/p>\n\n\n\n<p>Con fecha seis de septiembre de 2018, la Comisi\u00f3n Interamericana de Derechos Humanos, emiti\u00f3 Medidas Cautelares a favor de familiares de Yaneth Gonz\u00e1lez L\u00f3pez MC-454-18 y solicit\u00f3 al gobierno mexicano lo siguientes:<\/p>\n\n\n\n<p>&nbsp;a)&nbsp;&nbsp; Adopte las medidas necesarias para garantizar la vida e integridad personal de la se\u00f1ora Marbeli V. Gonz\u00e1lez L\u00f3pez y los dem\u00e1s familiares se\u00f1alados en la solicitud.<\/p>\n\n\n\n<p>b)&nbsp;&nbsp; Concierte las medidas a implementarse con los beneficiarios y sus representantes; y<\/p>\n\n\n\n<p>c)&nbsp;&nbsp; Informe sobre las acciones adelantadas a fin de investigar los presuntos hechos que dieron lugar a la adopci\u00f3n de la presente resoluci\u00f3n y as\u00ed evitar su repetici\u00f3n.<\/p>\n\n\n\n<p>El comunicado lo firman Marbeli V. Gonz\u00e1lez L\u00f3pez, hermana de Yaneth Gonz\u00e1lez L\u00f3pez, y Maurilio Santiago Reyes, titular del Centro de Derechos Humanos y Asesor\u00eda a Pueblos Ind\u00edgenas A.C.<\/p>\n","protected":false},"excerpt":{"rendered":"<p>Redacci\u00f3n\/Zona Roja. Oaxaca de Ju\u00e1rez, Oax., a 22 de junio de 2023.- Familiares de Yanet&hellip;<\/p>\n","protected":false},"author":2,"featured_media":10326,"comment_status":"closed","ping_status":"open","sticky":false,"template":"","format":"standard","meta":{"_lmt_disableupdate":"","_lmt_disable":"","_jetpack_memberships_contains_paid_content":false,"footnotes":""},"categories":[109,47],"tags":[1562],"class_list":["post-56750","post","type-post","status-publish","format-standard","has-post-thumbnail","hentry","category-minuto-a-minuto","category-zona-gris","tag-yaneth-gonzalez-putla"],"jetpack_featured_media_url":"https:\/\/zonaroja.com.mx\/wp-content\/uploads\/2020\/03\/Yaneth-Gonz\u00e1lez.jpg","jetpack_sharing_enabled":true,"_links":{"self":[{"href":"https:\/\/zonaroja.com.mx\/index.php?rest_route=\/wp\/v2\/posts\/56750","targetHints":{"allow":["GET"]}}],"collection":[{"href":"https:\/\/zonaroja.com.mx\/index.php?rest_route=\/wp\/v2\/posts"}],"about":[{"href":"https:\/\/zonaroja.com.mx\/index.php?rest_route=\/wp\/v2\/types\/post"}],"author":[{"embeddable":true,"href":"https:\/\/zonaroja.com.mx\/index.php?rest_route=\/wp\/v2\/users\/2"}],"replies":[{"embeddable":true,"href":"https:\/\/zonaroja.com.mx\/index.php?rest_route=%2Fwp%2Fv2%2Fcomments&post=56750"}],"version-history":[{"count":1,"href":"https:\/\/zonaroja.com.mx\/index.php?rest_route=\/wp\/v2\/posts\/56750\/revisions"}],"predecessor-version":[{"id":56751,"href":"https:\/\/zonaroja.com.mx\/index.php?rest_route=\/wp\/v2\/posts\/56750\/revisions\/56751"}],"wp:featuredmedia":[{"embeddable":true,"href":"https:\/\/zonaroja.com.mx\/index.php?rest_route=\/wp\/v2\/media\/10326"}],"wp:attachment":[{"href":"https:\/\/zonaroja.com.mx\/index.php?rest_route=%2Fwp%2Fv2%2Fmedia&parent=56750"}],"wp:term":[{"taxonomy":"category","embeddable":true,"href":"https:\/\/zonaroja.com.mx\/index.php?rest_route=%2Fwp%2Fv2%2Fcategories&post=56750"},{"taxonomy":"post_tag","embeddable":true,"href":"https:\/\/zonaroja.com.mx\/index.php?rest_route=%2Fwp%2Fv2%2Ftags&post=56750"}],"curies":[{"name":"wp","href":"https:\/\/api.w.org\/{rel}","templated":true}]}}