{"id":56755,"date":"2023-06-22T16:25:00","date_gmt":"2023-06-22T21:25:00","guid":{"rendered":"http:\/\/www.zonaroja.com.mx\/?p=56755"},"modified":"2023-06-22T22:14:07","modified_gmt":"2023-06-23T03:14:07","slug":"gobierno-de-jara-clausura-el-cendi-1-en-la-capital-acusan-venganza-contra-sindicato","status":"publish","type":"post","link":"https:\/\/zonaroja.com.mx\/?p=56755","title":{"rendered":"Gobierno de Jara clausura el CENDI 1 en la capital; acusan venganza contra sindicato"},"content":{"rendered":"\n<p>Yuridiana Sosa\/Zona Roja.<\/p>\n\n\n\n<p>Oaxaca de Ju\u00e1rez, Oax., a 22 de junio de 2023.- Cientos de menores de edad y sus madres trabajadoras resultaron afectados ante la inexplicable suspensi\u00f3n de servicios y trabajos que realiz\u00f3 el Gobierno del Estado en el Centro de Desarrollo Infantil (Cendi) n\u00famero 1 \u201cGuadalupe Hinojosa\u201d, en la capital del estado.<\/p>\n\n\n\n<p>El cierre de este espacio fue calificado como una represalia del gobierno de Salom\u00f3n Jara Cruz contras las madres de familia, integrantes del Sindicato de Trabajadores de los Poderes del Estado e Instituciones Descentralizadas de Car\u00e1cter Estatal de Oaxaca (STPEIDCEO), tras quejarse de la desatenci\u00f3n del DIF Oaxaca para apoyar en el control de casos registrados por el virus Coxsackie, adem\u00e1s de diversas protestas que el gremio ha realizado en contra del mandatario.<\/p>\n\n\n\n<p>La tarde del 21 de junio personal de Servicios de Salud de Oaxaca (SSO), a trav\u00e9s de la Direcci\u00f3n de Regulaci\u00f3n y Fomento Sanitario, coloc\u00f3 los sellos de suspensi\u00f3n de trabajos y servicios bajo el folio 2262, sin previo aviso.<\/p>\n\n\n\n<p>Los Servicios de Salud emitieron esta tarde un comunicado para argumentar los motivos que llevaron al cierre del centro educativo, inaugurado en el gobierno de Jos\u00e9 Murat. <\/p>\n\n\n\n<p>\u201cAnte posible brote del virus coxsackie (mano, pie, boca), SSO realiz\u00f3 una verificaci\u00f3n sanitaria para garantizar la salud y bienestar de la comunidad escolar\u201d, indic\u00f3 sin mayores detalles. <\/p>\n\n\n\n<p>Sobre ello, el Comit\u00e9 Ejecutivo del STPEIDCEO se pronunci\u00f3 para aclarar el hecho de que la suspensi\u00f3n pudiera surgir por el brote del virus de Coxsackie, conocida como enfermedad Mano-Pie- Boca.<\/p>\n\n\n\n<p>El sindicato detall\u00f3 las medidas que los trabajadores del centro de cuidados maternos y escolar realizaron ante la detecci\u00f3n de los casos, lo que incluye tambi\u00e9n acciones preventivas, con lo que se considera innecesaria la acci\u00f3n del gobierno.<\/p>\n\n\n\n<p>El STPEIDCEO neg\u00f3 que haya existido un brote epidemiol\u00f3gico de Coxsackie y que se encuentre activo.<\/p>\n\n\n\n<figure class=\"wp-block-embed is-type-rich is-provider-twitter wp-block-embed-twitter\"><div class=\"wp-block-embed__wrapper\">\n<div class=\"twitter-tweet\"><blockquote class=\"twitter-tweet\" data-lang=\"es\"><p lang=\"es\" dir=\"ltr\">El Centro de Desarrollo Infantil (Cendi) del <a href=\"https:\/\/twitter.com\/GobOax?ref_src=twsrc%5Etfw\">@GobOax<\/a> fue clausurado ayer por los <a href=\"https:\/\/twitter.com\/SSO_GobOax?ref_src=twsrc%5Etfw\">@SSO_GobOax<\/a>, presuntamente por diversas irregularidades.<br>Sin embargo, los padres de familia, que son trabajadores del gobierno, acusan venganza del mandatario <a href=\"https:\/\/twitter.com\/salomonj?ref_src=twsrc%5Etfw\">@salomonj<\/a> ante ola de protestas, por lo\u2026 <a href=\"https:\/\/t.co\/Px3emRgOik\">pic.twitter.com\/Px3emRgOik<\/a><\/p>&mdash; Zona Roja Oaxaca (@ZonaRoja_Oaxaca) <a href=\"https:\/\/twitter.com\/ZonaRoja_Oaxaca\/status\/1671916439928995842?ref_src=twsrc%5Etfw\">22 de junio de 2023<\/a><\/blockquote><\/div>\n<\/div><\/figure>\n\n\n\n<p>Ante la detecci\u00f3n, primero, de dos casos en menores de una sala de educaci\u00f3n inicial (lactantes) el 13 de junio, esta \u00e1rea fue cerrada como medida preventiva del 14 al 19 de junio.<\/p>\n\n\n\n<p>De los casos confirmados, detall\u00f3, uno se identific\u00f3 fuera de la instituci\u00f3n, quien no acudi\u00f3 a clases ni tuvo contacto con sus compa\u00f1eros y el segundo caso fue detectado en la instituci\u00f3n y suspendido de forma inmediata para su pronta atenci\u00f3n y valoraci\u00f3n externa.<\/p>\n\n\n\n<p>Al 16 de junio, agreg\u00f3, se confirmaron cinco casos de herpangina (causada en la mayor\u00eda de los casos por virus de Coxsackie del grupo A); dos casos en preescolar el 14 de junio y se suspendi\u00f3 la sala del 15 al 21 de junio como medida preventiva.<\/p>\n\n\n\n<p>Otros dos casos en lactantes el 15 de junio, detectados en casa en el periodo de suspensi\u00f3n de la sala, sin conexi\u00f3n aparente con los casos detectados en la instituci\u00f3n y uno m\u00e1s en maternal el 16 de junio.<\/p>\n\n\n\n<p>En el comunicado se precis\u00f3 que no se reportaron m\u00e1s casos de dicha enfermedad, ni en las salas suspendidas ni a nivel instituci\u00f3n.<\/p>\n","protected":false},"excerpt":{"rendered":"<p>Yuridiana Sosa\/Zona Roja. Oaxaca de Ju\u00e1rez, Oax., a 22 de junio de 2023.- Cientos de&hellip;<\/p>\n","protected":false},"author":2,"featured_media":56754,"comment_status":"closed","ping_status":"open","sticky":false,"template":"","format":"standard","meta":{"_lmt_disableupdate":"","_lmt_disable":"","_jetpack_memberships_contains_paid_content":false,"footnotes":""},"categories":[109,47],"tags":[],"class_list":["post-56755","post","type-post","status-publish","format-standard","has-post-thumbnail","hentry","category-minuto-a-minuto","category-zona-gris"],"jetpack_featured_media_url":"https:\/\/zonaroja.com.mx\/wp-content\/uploads\/2023\/06\/3b4caaef-3f47-4d45-a154-79a4553aedba.jpg","jetpack_sharing_enabled":true,"_links":{"self":[{"href":"https:\/\/zonaroja.com.mx\/index.php?rest_route=\/wp\/v2\/posts\/56755","targetHints":{"allow":["GET"]}}],"collection":[{"href":"https:\/\/zonaroja.com.mx\/index.php?rest_route=\/wp\/v2\/posts"}],"about":[{"href":"https:\/\/zonaroja.com.mx\/index.php?rest_route=\/wp\/v2\/types\/post"}],"author":[{"embeddable":true,"href":"https:\/\/zonaroja.com.mx\/index.php?rest_route=\/wp\/v2\/users\/2"}],"replies":[{"embeddable":true,"href":"https:\/\/zonaroja.com.mx\/index.php?rest_route=%2Fwp%2Fv2%2Fcomments&post=56755"}],"version-history":[{"count":2,"href":"https:\/\/zonaroja.com.mx\/index.php?rest_route=\/wp\/v2\/posts\/56755\/revisions"}],"predecessor-version":[{"id":56768,"href":"https:\/\/zonaroja.com.mx\/index.php?rest_route=\/wp\/v2\/posts\/56755\/revisions\/56768"}],"wp:featuredmedia":[{"embeddable":true,"href":"https:\/\/zonaroja.com.mx\/index.php?rest_route=\/wp\/v2\/media\/56754"}],"wp:attachment":[{"href":"https:\/\/zonaroja.com.mx\/index.php?rest_route=%2Fwp%2Fv2%2Fmedia&parent=56755"}],"wp:term":[{"taxonomy":"category","embeddable":true,"href":"https:\/\/zonaroja.com.mx\/index.php?rest_route=%2Fwp%2Fv2%2Fcategories&post=56755"},{"taxonomy":"post_tag","embeddable":true,"href":"https:\/\/zonaroja.com.mx\/index.php?rest_route=%2Fwp%2Fv2%2Ftags&post=56755"}],"curies":[{"name":"wp","href":"https:\/\/api.w.org\/{rel}","templated":true}]}}