{"id":56760,"date":"2023-06-22T20:45:08","date_gmt":"2023-06-23T01:45:08","guid":{"rendered":"http:\/\/www.zonaroja.com.mx\/?p=56760"},"modified":"2023-06-22T22:12:30","modified_gmt":"2023-06-23T03:12:30","slug":"invalida-la-scjn-totalidad-del-plan-b-de-reforma-electoral-de-amlo","status":"publish","type":"post","link":"https:\/\/zonaroja.com.mx\/?p=56760","title":{"rendered":"Invalida la SCJN totalidad del plan \u201cB\u201d de reforma electoral de AMLO"},"content":{"rendered":"\n<p>Redacci\u00f3n\/Zona Roja Cdmx.<\/p>\n\n\n\n<p>Ciudad de M\u00e9xico, a 22 de junio de 2023.- Por mayor\u00eda de nueve votos a dos, la Suprema Corte de Justicia de la Naci\u00f3n (SCJN) invalid\u00f3 en su totalidad el plan \u201cB\u201d de la reforma electoral impulsada por el presidente Andr\u00e9s Manuel L\u00f3pez Obrador.<\/p>\n\n\n\n<p>Al analizar la segunda parte de la reforma, las y los ministros confirmaron que hubo siete violaciones por parte de diputados y senadores de Morena y sus aliados durante el proceso parlamentario que le dio origen, las cuales tienen un \u201cpotencial invalidante\u201d dada su gravedad.<\/p>\n\n\n\n<p>Durante la sesi\u00f3n, explicaron que la mayor\u00eda morenista en el Congreso no public\u00f3 ni distribuy\u00f3 la iniciativa con la anticipaci\u00f3n debida, sustituy\u00f3 la iniciativa publicada en la Gaceta Parlamentaria por otra versi\u00f3n una vez que ya hab\u00eda iniciado su discusi\u00f3n, no otorg\u00f3 un plazo razonable para discutirla y votarla, entre otras faltas.<\/p>\n\n\n\n<p>Por la vigencia del plan \u201cB\u201d de la Reforma Electoral votaron las ministras Loretta Ortiz y Yasm\u00edn Esquivel, las dos abiertamente afines al presidente Andr\u00e9s Manuel L\u00f3pez y su proyecto pol\u00edtico de naci\u00f3n.<\/p>\n\n\n\n<p>Contrario a lo que se esperaba, el ministro Arturo Zald\u00edvar vot\u00f3 con la mayor\u00eda por la invalidez total de la reforma. Dijo que lo hace por convicci\u00f3n y congruencia, pues en temas similares ha votado en ese sentido desde 2010.<\/p>\n\n\n\n<p>La ministra Esquivel, en un duro posicionamiento que ley\u00f3, acus\u00f3 que la SCJN pretende invalidar la reforma con un mero \u201cexamen superficial\u201d, sin entrar al an\u00e1lisis del fondo del asunto, lo que le resta credibilidad al Tribunal Constitucional.<\/p>\n\n\n\n<p>\u201cMe parece que simplemente erigirnos como gestores de las buenas pr\u00e1cticas parlamentarias es una aportaci\u00f3n limitada para lo que la Constituci\u00f3n nos exige que es la de poner fin a los conflictos\u201d, dijo la ministra.<\/p>\n\n\n\n<p>\u201cHoy vamos a emitir una resoluci\u00f3n sin resolver el fondo del problema al invalidar por vicios de forma m\u00e1s de 450 normas sin siquiera mencionar o al menos analizar si cada uno de los art\u00edculos est\u00e1 apegado o no a la Constituci\u00f3n\u201d, sentenci\u00f3.<\/p>\n\n\n\n<p>INTENSO DEBATE<\/p>\n\n\n\n<p>La respuesta fue inmediata por parte de los ministros Luis Mar\u00eda Aguilar, Alberto P\u00e9rez Day\u00e1n y Juan Luis Gonz\u00e1lez, quienes advirtieron que la invalidez de la reforma por vicios en el proceso parlamentario no es un tema superficial.<\/p>\n\n\n\n<p>P\u00e9rez Dayan dijo que no renuncia a su deber de examinar la constitucionalidad de cualquier disposici\u00f3n legal, mientras pueda asegurar que, para llegar a ello, est\u00e9 convencido de que se hizo lo necesario para que eso que se dice ley sea ley.<\/p>\n","protected":false},"excerpt":{"rendered":"<p>Redacci\u00f3n\/Zona Roja Cdmx. Ciudad de M\u00e9xico, a 22 de junio de 2023.- Por mayor\u00eda de&hellip;<\/p>\n","protected":false},"author":2,"featured_media":55555,"comment_status":"closed","ping_status":"open","sticky":false,"template":"","format":"standard","meta":{"_lmt_disableupdate":"","_lmt_disable":"","_jetpack_memberships_contains_paid_content":false,"footnotes":""},"categories":[109,47],"tags":[2878],"class_list":["post-56760","post","type-post","status-publish","format-standard","has-post-thumbnail","hentry","category-minuto-a-minuto","category-zona-gris","tag-suprema-corte-de-justicia-de-la-nacion-scjn"],"jetpack_featured_media_url":"https:\/\/zonaroja.com.mx\/wp-content\/uploads\/2023\/05\/Suprema-Corte-de-Justicia-SCJN.jpg","jetpack_sharing_enabled":true,"_links":{"self":[{"href":"https:\/\/zonaroja.com.mx\/index.php?rest_route=\/wp\/v2\/posts\/56760","targetHints":{"allow":["GET"]}}],"collection":[{"href":"https:\/\/zonaroja.com.mx\/index.php?rest_route=\/wp\/v2\/posts"}],"about":[{"href":"https:\/\/zonaroja.com.mx\/index.php?rest_route=\/wp\/v2\/types\/post"}],"author":[{"embeddable":true,"href":"https:\/\/zonaroja.com.mx\/index.php?rest_route=\/wp\/v2\/users\/2"}],"replies":[{"embeddable":true,"href":"https:\/\/zonaroja.com.mx\/index.php?rest_route=%2Fwp%2Fv2%2Fcomments&post=56760"}],"version-history":[{"count":1,"href":"https:\/\/zonaroja.com.mx\/index.php?rest_route=\/wp\/v2\/posts\/56760\/revisions"}],"predecessor-version":[{"id":56761,"href":"https:\/\/zonaroja.com.mx\/index.php?rest_route=\/wp\/v2\/posts\/56760\/revisions\/56761"}],"wp:featuredmedia":[{"embeddable":true,"href":"https:\/\/zonaroja.com.mx\/index.php?rest_route=\/wp\/v2\/media\/55555"}],"wp:attachment":[{"href":"https:\/\/zonaroja.com.mx\/index.php?rest_route=%2Fwp%2Fv2%2Fmedia&parent=56760"}],"wp:term":[{"taxonomy":"category","embeddable":true,"href":"https:\/\/zonaroja.com.mx\/index.php?rest_route=%2Fwp%2Fv2%2Fcategories&post=56760"},{"taxonomy":"post_tag","embeddable":true,"href":"https:\/\/zonaroja.com.mx\/index.php?rest_route=%2Fwp%2Fv2%2Ftags&post=56760"}],"curies":[{"name":"wp","href":"https:\/\/api.w.org\/{rel}","templated":true}]}}