{"id":56762,"date":"2023-06-22T22:07:51","date_gmt":"2023-06-23T03:07:51","guid":{"rendered":"http:\/\/www.zonaroja.com.mx\/?p=56762"},"modified":"2023-06-22T22:07:56","modified_gmt":"2023-06-23T03:07:56","slug":"acusan-a-supuesta-pareja-de-titular-de-secretaria-de-las-mujeres-de-deudor-alimentario","status":"publish","type":"post","link":"https:\/\/zonaroja.com.mx\/?p=56762","title":{"rendered":"Acusan a supuesta pareja de titular de Secretar\u00eda de las Mujeres de deudor alimentario"},"content":{"rendered":"\n<p>Yuridiana Sosa\/Zona Roja.<\/p>\n\n\n\n<p>Oaxaca de Ju\u00e1rez, Oax., a 22 de junio de 2023.- El pol\u00edtico a fin a Morena, Vladimir L\u00f3pez Pineda -y supuesta pareja de la titular de la Secretar\u00eda de las Mujeres (SM)de Oaxaca, &nbsp;Elisa Zepeda Lagunas- fue se\u00f1alado de deudor alimentario por su propia hija, identificada como Hari Dafne.&nbsp;<\/p>\n\n\n\n<p>A trav\u00e9s de la p\u00e1gina del Colectivo Deudores Alimentarios Oaxaca, la joven de 19 a\u00f1os de edad denunci\u00f3 el abandono de su progenitor desde su nacimiento, por lo que ahora exige se haga responsable de sus obligaciones.<\/p>\n\n\n\n<p>\u201cVladimir L\u00f3pez Pineda, es un violentador a las mujeres, quiere ser presidente municipal, camina con bandera de defensor de las mujeres. Yo no me quedar\u00e9 callada\u201d, asever\u00f3 la joven mujer en su denuncia.<\/p>\n\n\n\n<p>L\u00f3pez Pineda, quien de acuerdo a sus redes sociales es de Huautla de Jim\u00e9nez y asesor del Congreso de Oaxaca, dijo su hija, \u201cdecidi\u00f3 que mi mam\u00e1 se har\u00eda responsable de mi vida, mientras el disfrutaba de su solter\u00eda en fiestas y despu\u00e9s formar un hogar y tener sus propios hijos, sin la menor responsabilidad econ\u00f3mica o afectiva hacia mi persona\u201d.<\/p>\n\n\n\n<p>Hari Dafne apunt\u00f3 que antes no hab\u00eda espacios para poder exigir o dar voz a las v\u00edctimas para dejar de normalizar el abandono, pero ante una nueva realidad, agreg\u00f3: \u201cSoy una mujer mayor de edad en facultad para expresarse y exigir, es la primera vez que hago esto porque mi mam\u00e1 nunca quiso se\u00f1alar o exigir algo para m\u00ed\u201d.<\/p>\n\n\n\n<p>En su escrito p\u00fablico, la joven sostuvo: \u201cNunca me ha faltado nada gracias a mi mam\u00e1, pero no era solo su responsabilidad. Quiero exponerlo porque lleva un discurso de igualdad y protecci\u00f3n a las mujeres, cuando ha sido un violentador al dejar a mi madre sola con la responsabilidad econ\u00f3mica y afectiva de una hija, excus\u00e1ndose que era muy joven cuando sucedi\u00f3, pero ya son m\u00e1s de 19 a\u00f1os y nunca madur\u00f3 y las versiones de v\u00edctima que dio ya no le sirven\u201d.<\/p>\n\n\n\n<p>En tanto, que es a trav\u00e9s de las redes sociales donde L\u00f3pez Pineda comparte publicaciones de las acciones que realiza la Secretar\u00eda de la Mujer, as\u00ed como presume fotograf\u00edas con diversos funcionarios del Gobierno del Estado, incluyendo al mandatario Salom\u00f3n Jara Cruz e integrantes de la familia Jara Bola\u00f1os.&nbsp;<\/p>\n","protected":false},"excerpt":{"rendered":"<p>Yuridiana Sosa\/Zona Roja. Oaxaca de Ju\u00e1rez, Oax., a 22 de junio de 2023.- El pol\u00edtico&hellip;<\/p>\n","protected":false},"author":2,"featured_media":56763,"comment_status":"closed","ping_status":"open","sticky":false,"template":"","format":"standard","meta":{"_lmt_disableupdate":"","_lmt_disable":"","_jetpack_memberships_contains_paid_content":false,"footnotes":""},"categories":[109,47],"tags":[3588],"class_list":["post-56762","post","type-post","status-publish","format-standard","has-post-thumbnail","hentry","category-minuto-a-minuto","category-zona-gris","tag-vladimir-lopez-pineda"],"jetpack_featured_media_url":"https:\/\/zonaroja.com.mx\/wp-content\/uploads\/2023\/06\/Vladimir-Lopez-Pineda.jpg","jetpack_sharing_enabled":true,"_links":{"self":[{"href":"https:\/\/zonaroja.com.mx\/index.php?rest_route=\/wp\/v2\/posts\/56762","targetHints":{"allow":["GET"]}}],"collection":[{"href":"https:\/\/zonaroja.com.mx\/index.php?rest_route=\/wp\/v2\/posts"}],"about":[{"href":"https:\/\/zonaroja.com.mx\/index.php?rest_route=\/wp\/v2\/types\/post"}],"author":[{"embeddable":true,"href":"https:\/\/zonaroja.com.mx\/index.php?rest_route=\/wp\/v2\/users\/2"}],"replies":[{"embeddable":true,"href":"https:\/\/zonaroja.com.mx\/index.php?rest_route=%2Fwp%2Fv2%2Fcomments&post=56762"}],"version-history":[{"count":1,"href":"https:\/\/zonaroja.com.mx\/index.php?rest_route=\/wp\/v2\/posts\/56762\/revisions"}],"predecessor-version":[{"id":56764,"href":"https:\/\/zonaroja.com.mx\/index.php?rest_route=\/wp\/v2\/posts\/56762\/revisions\/56764"}],"wp:featuredmedia":[{"embeddable":true,"href":"https:\/\/zonaroja.com.mx\/index.php?rest_route=\/wp\/v2\/media\/56763"}],"wp:attachment":[{"href":"https:\/\/zonaroja.com.mx\/index.php?rest_route=%2Fwp%2Fv2%2Fmedia&parent=56762"}],"wp:term":[{"taxonomy":"category","embeddable":true,"href":"https:\/\/zonaroja.com.mx\/index.php?rest_route=%2Fwp%2Fv2%2Fcategories&post=56762"},{"taxonomy":"post_tag","embeddable":true,"href":"https:\/\/zonaroja.com.mx\/index.php?rest_route=%2Fwp%2Fv2%2Ftags&post=56762"}],"curies":[{"name":"wp","href":"https:\/\/api.w.org\/{rel}","templated":true}]}}