{"id":56765,"date":"2023-06-22T22:10:23","date_gmt":"2023-06-23T03:10:23","guid":{"rendered":"http:\/\/www.zonaroja.com.mx\/?p=56765"},"modified":"2023-06-22T22:10:27","modified_gmt":"2023-06-23T03:10:27","slug":"crecen-protestas-y-conflictos-en-oaxaca-de-juarez","status":"publish","type":"post","link":"https:\/\/zonaroja.com.mx\/?p=56765","title":{"rendered":"Crecen protestas y conflictos en Oaxaca de Ju\u00e1rez"},"content":{"rendered":"\n<p>Ismael Garc\u00eda M.\/Zona Roja.<\/p>\n\n\n\n<p>Oaxaca de Ju\u00e1rez, Oax., a 22 de junio de 2023.- Al menos tres protestas y conflictos se registraron este jueves en la ciudad de Oaxaca, una de ellas de car\u00e1cter estatal y dos que ata\u00f1en al ayuntamiento.<\/p>\n\n\n\n<p>Al palacio municipal acudieron habitantes de la colonia Azucena, que dieron a conocer problemas con sus vecinos de la colonia Guelaguetza, por la colocaci\u00f3n de puestos ambulantes durante las fiestas de los Lunes del Cerro, pero tambi\u00e9n para demandar obras y servicios.<\/p>\n\n\n\n<p>El dirigente de los colonos de la primera demarcaci\u00f3n, Javier Mancilla Ortiz, expuso que por acuerdo de los alrededor de 400 habitantes, bloquear\u00e1n el acceso al auditorio del cerro del \u201cFort\u00edn\u201d, por el lado del t\u00fanel, para exigir soluci\u00f3n.<\/p>\n\n\n\n<p>Asimismo, impedir la colocaci\u00f3n de puestos a lo largo de las escalinatas, en caso de no ser atendidos a la brevedad por el presidente municipal Francisco Mart\u00ednez Neri.<\/p>\n\n\n\n<p>Por su parte, tras la sesi\u00f3n de Cabildo, el edil inform\u00f3 que se trata de un conflicto interno, y que es atendido adecuadamente.<\/p>\n\n\n\n<figure class=\"wp-block-embed is-type-rich is-provider-twitter wp-block-embed-twitter\"><div class=\"wp-block-embed__wrapper\">\n<div class=\"twitter-tweet\"><blockquote class=\"twitter-tweet\" data-lang=\"es\"><p lang=\"es\" dir=\"ltr\"><a href=\"https:\/\/twitter.com\/hashtag\/%C3%9AltimoMinuto?src=hash&amp;ref_src=twsrc%5Etfw\">#\u00daltimoMinuto<\/a><br>Vecinos de la colonia Azucenas protestan en la sede del ayuntamiento, ante desatenci\u00f3n del <a href=\"https:\/\/twitter.com\/MunicipioOaxaca?ref_src=twsrc%5Etfw\">@MunicipioOaxaca<\/a>.<br>Anuncian bloqueos al acceso al auditorio del cerro del \u201cFort\u00edn\u201d durante la <a href=\"https:\/\/twitter.com\/hashtag\/Guelaguetza?src=hash&amp;ref_src=twsrc%5Etfw\">#Guelaguetza<\/a>.<br>Exigen que el edil <a href=\"https:\/\/twitter.com\/FMartinezNeri?ref_src=twsrc%5Etfw\">@FMartinezNeri<\/a> acuda a la zona a conocer\u2026 <a href=\"https:\/\/t.co\/zrEFeNGHMM\">pic.twitter.com\/zrEFeNGHMM<\/a><\/p>&mdash; Zona Roja Oaxaca (@ZonaRoja_Oaxaca) <a href=\"https:\/\/twitter.com\/ZonaRoja_Oaxaca\/status\/1671954685362831361?ref_src=twsrc%5Etfw\">22 de junio de 2023<\/a><\/blockquote><\/div>\n<\/div><\/figure>\n\n\n\n<p>OTRO PLEITO<\/p>\n\n\n\n<p>Durante la sesi\u00f3n del cuerpo edilicio, en Asuntos Generales el primer concejal pidi\u00f3 que se diera lectura a un oficio enviado por el Comit\u00e9 de Vida Vecinal del barrio Los Siete Pr\u00edncipes.<\/p>\n\n\n\n<p>Es del 31 de mayo pasado y expone una problem\u00e1tica que tienen con el barrio de La Noria, por invasi\u00f3n de algunas \u00e1reas de colindancia, por lo cual pidieron la intervenci\u00f3n del ayuntamiento.<\/p>\n\n\n\n<p>\u201cExigimos al Cabildo se le respete tajantemente nuestra demarcaci\u00f3n y que se mande dise\u00f1ar el plano, con al fin de evitar mayores problemas con otros vecinos o ciudadanos que no son del lugar, pudi\u00e9ndose llegar a la violencia tanto verbal como f\u00edsica\u201d, advirtieron.&nbsp;<\/p>\n\n\n\n<p>POR EL AGUA<\/p>\n\n\n\n<p>Mientras tanto, en la agencia de Pueblo Nuevo, la autoridad auxiliar denunci\u00f3 la omisi\u00f3n del Sistema Operador de Agua Potable (SOAPA) para suministrar el vital l\u00edquido, pese a insistentes peticiones.<\/p>\n\n\n\n<p>Por ello, junto con los dirigentes de colonias, iniciaron una consulta con la finalidad de acordar medidas para presionar a las autoridades estatales.<\/p>\n\n\n\n<p>Recordaron que desde hace tres meses demandan el agua potable pero a la fecha no han tenido ninguna respuesta positiva por parte del director del organismo, Omar P\u00e9rez Ben\u00edtez.<\/p>\n\n\n\n<p>\u201cEste problema se ha tenido por a\u00f1os y en temporada de estiaje se agudiza m\u00e1s, golpeando la econom\u00eda de nuestra gente; exigimos que nos atiendan a la brevedad y solucionen en definitiva la problem\u00e1tica\u201d, expusieron.<\/p>\n\n\n\n<figure class=\"wp-block-embed is-type-rich is-provider-twitter wp-block-embed-twitter\"><div class=\"wp-block-embed__wrapper\">\n<div class=\"twitter-tweet\"><blockquote class=\"twitter-tweet\" data-lang=\"es\"><p lang=\"es\" dir=\"ltr\">\u00a1Otra de <a href=\"https:\/\/twitter.com\/SOAPA_Oax?ref_src=twsrc%5Etfw\">@SOAPA_Oax<\/a>! Habitantes de la agencia de Pueblo Nuevo, ciudad de Oaxaca, denuncian de nuevo que desde hace m\u00e1s de tres meses no tienen servicio de agua potable.<br>Ante indiferencia del director <a href=\"https:\/\/twitter.com\/Omar_Perez_B?ref_src=twsrc%5Etfw\">@Omar_Perez_B<\/a>, tomar\u00e1n medidas radicales. <a href=\"https:\/\/t.co\/TDeKXclgTj\">pic.twitter.com\/TDeKXclgTj<\/a><\/p>&mdash; Zona Roja Oaxaca (@ZonaRoja_Oaxaca) <a href=\"https:\/\/twitter.com\/ZonaRoja_Oaxaca\/status\/1671987258314850305?ref_src=twsrc%5Etfw\">22 de junio de 2023<\/a><\/blockquote><\/div>\n<\/div><\/figure>\n","protected":false},"excerpt":{"rendered":"<p>Ismael Garc\u00eda M.\/Zona Roja. Oaxaca de Ju\u00e1rez, Oax., a 22 de junio de 2023.- Al&hellip;<\/p>\n","protected":false},"author":2,"featured_media":56766,"comment_status":"closed","ping_status":"open","sticky":false,"template":"","format":"standard","meta":{"_lmt_disableupdate":"","_lmt_disable":"","_jetpack_memberships_contains_paid_content":false,"footnotes":""},"categories":[109,47],"tags":[148],"class_list":["post-56765","post","type-post","status-publish","format-standard","has-post-thumbnail","hentry","category-minuto-a-minuto","category-zona-gris","tag-oaxaca-de-juarez"],"jetpack_featured_media_url":"https:\/\/zonaroja.com.mx\/wp-content\/uploads\/2023\/06\/Protesta-colonia-Azucenas-Oaxaca.jpg","jetpack_sharing_enabled":true,"_links":{"self":[{"href":"https:\/\/zonaroja.com.mx\/index.php?rest_route=\/wp\/v2\/posts\/56765","targetHints":{"allow":["GET"]}}],"collection":[{"href":"https:\/\/zonaroja.com.mx\/index.php?rest_route=\/wp\/v2\/posts"}],"about":[{"href":"https:\/\/zonaroja.com.mx\/index.php?rest_route=\/wp\/v2\/types\/post"}],"author":[{"embeddable":true,"href":"https:\/\/zonaroja.com.mx\/index.php?rest_route=\/wp\/v2\/users\/2"}],"replies":[{"embeddable":true,"href":"https:\/\/zonaroja.com.mx\/index.php?rest_route=%2Fwp%2Fv2%2Fcomments&post=56765"}],"version-history":[{"count":1,"href":"https:\/\/zonaroja.com.mx\/index.php?rest_route=\/wp\/v2\/posts\/56765\/revisions"}],"predecessor-version":[{"id":56767,"href":"https:\/\/zonaroja.com.mx\/index.php?rest_route=\/wp\/v2\/posts\/56765\/revisions\/56767"}],"wp:featuredmedia":[{"embeddable":true,"href":"https:\/\/zonaroja.com.mx\/index.php?rest_route=\/wp\/v2\/media\/56766"}],"wp:attachment":[{"href":"https:\/\/zonaroja.com.mx\/index.php?rest_route=%2Fwp%2Fv2%2Fmedia&parent=56765"}],"wp:term":[{"taxonomy":"category","embeddable":true,"href":"https:\/\/zonaroja.com.mx\/index.php?rest_route=%2Fwp%2Fv2%2Fcategories&post=56765"},{"taxonomy":"post_tag","embeddable":true,"href":"https:\/\/zonaroja.com.mx\/index.php?rest_route=%2Fwp%2Fv2%2Ftags&post=56765"}],"curies":[{"name":"wp","href":"https:\/\/api.w.org\/{rel}","templated":true}]}}