{"id":56777,"date":"2023-06-23T09:21:00","date_gmt":"2023-06-23T14:21:00","guid":{"rendered":"http:\/\/www.zonaroja.com.mx\/?p=56777"},"modified":"2023-06-23T08:24:04","modified_gmt":"2023-06-23T13:24:04","slug":"detienen-en-puebla-a-acusado-de-asesinar-a-un-joven-en-bar-de-oaxaca","status":"publish","type":"post","link":"https:\/\/zonaroja.com.mx\/?p=56777","title":{"rendered":"Detienen en Puebla a acusado de asesinar a un joven en bar de Oaxaca"},"content":{"rendered":"\n<p>Redacci\u00f3n\/Zona Roja.&nbsp;<\/p>\n\n\n\n<p>Oaxaca de Ju\u00e1rez, Oax., a 23 de junio de 2023.- Como resultado de las investigaciones realizadas por la Fiscal\u00eda General del Estado de Oaxaca (FGEO) y derivado de un convenio de colaboraci\u00f3n con la Fiscal\u00eda General del Estado de Puebla, se logr\u00f3 ejecutar una orden de aprehensi\u00f3n en contra de E. E. O., por el delito de Homicidio Calificado, cometido en bar \u201cEl Jimmy\u201d, ubicado en la capital oaxaque\u00f1a.<\/p>\n\n\n\n<p>De acuerdo con el expediente penal del caso, los hechos sucedieron el 1 de marzo de 2023, cuando la v\u00edctima F. S. S. se encontraba en el exterior del bar localizado en la agencia municipal de Cinco Se\u00f1ores.<\/p>\n\n\n\n<p>En el sitio, la v\u00edctima se vio involucrada en un altercado durante el cual, fue agredida con un objeto punzo-cortante (cuchillo), sufriendo lesiones que finalmente terminaron con su vida.<\/p>\n\n\n\n<p>Ante los hechos, la FGEO intervino a trav\u00e9s de la Fiscal\u00eda Especializada para la Atenci\u00f3n a Delitos de Alto Impacto, por lo que un equipo especializado en este tipo de casos realiz\u00f3 las investigaciones que permitieron establecer que el imputado se encontraba en la capital del estado de Puebla.<\/p>\n\n\n\n<p>La Fiscal\u00eda de Oaxaca solicit\u00f3 la colaboraci\u00f3n de la Fiscal\u00eda de Puebla para realizar la detenci\u00f3n y ejecuci\u00f3n de la orden de aprehensi\u00f3n en contra de E. E. O., quien fue capturado en calles de la colonia Universidades de Puebla.<\/p>\n\n\n\n<p>Tras su detenci\u00f3n, el imputado fue trasladado por elementos de la Agencia Estatal de Investigaciones (AEI), a Oaxaca para ser puesto a disposici\u00f3n de las autoridades que lo requirieron, para que se defina su situaci\u00f3n jur\u00eddica en las pr\u00f3ximas horas.<\/p>\n\n\n\n<p>SENTENCIADO POR VIOLENCIA<\/p>\n\n\n\n<p>Por otra parte, como resultado de las investigaciones encabezadas por la Fiscal\u00eda General del Estado, un hombre identificado como E. Y. T. C. fue sentenciado, luego de que se presentaran los elementos suficientes que permitieron corroborar su responsabilidad en el delito de Violencia Familiar, cometido contra su madre.<\/p>\n\n\n\n<p>De acuerdo con lo asentado en el expediente por el caso, los hechos ocurrieron la noche del 7 de agosto de 2019, cuando la v\u00edctima estaba en su domicilio, localizado en la colonia Bugambilias de la agencia municipal de Santa Rosa Panzacola.<\/p>\n\n\n\n<p>En el lugar, el sentenciado agredi\u00f3 f\u00edsicamente a su madre, quien llam\u00f3 a los servicios de emergencia, por lo que elementos policiacos arribaron al domicilio donde detuvieron al agresor, quedando a disposici\u00f3n de la FGEO.<\/p>\n\n\n\n<p>El caso qued\u00f3 a cargo de la Fiscal\u00eda Especializada para la Atenci\u00f3n a Delitos Contra la Mujer por Raz\u00f3n de G\u00e9nero, la cual realiz\u00f3 las investigaciones correspondientes cuyos resultados se desahogaron ante el Juez que atiende la causa quien, en procedimiento abreviado, dict\u00f3 sentencia condenatoria de tres a\u00f1os y cuatro meses de prisi\u00f3n en contra de E. Y. T. C. por el delito de Violencia Familiar, adem\u00e1s que impuso el pago de la reparaci\u00f3n del da\u00f1o a favor de la v\u00edctima.<\/p>\n","protected":false},"excerpt":{"rendered":"<p>Redacci\u00f3n\/Zona Roja.&nbsp; Oaxaca de Ju\u00e1rez, Oax., a 23 de junio de 2023.- Como resultado de&hellip;<\/p>\n","protected":false},"author":2,"featured_media":56778,"comment_status":"closed","ping_status":"open","sticky":false,"template":"","format":"standard","meta":{"_lmt_disableupdate":"","_lmt_disable":"","_jetpack_memberships_contains_paid_content":false,"footnotes":""},"categories":[109,46],"tags":[494],"class_list":["post-56777","post","type-post","status-publish","format-standard","has-post-thumbnail","hentry","category-minuto-a-minuto","category-zona-blanca","tag-fiscalia-general-del-estado-de-oaxaca"],"jetpack_featured_media_url":"https:\/\/zonaroja.com.mx\/wp-content\/uploads\/2023\/06\/Detenido-El-Jimmy.jpeg","jetpack_sharing_enabled":true,"_links":{"self":[{"href":"https:\/\/zonaroja.com.mx\/index.php?rest_route=\/wp\/v2\/posts\/56777","targetHints":{"allow":["GET"]}}],"collection":[{"href":"https:\/\/zonaroja.com.mx\/index.php?rest_route=\/wp\/v2\/posts"}],"about":[{"href":"https:\/\/zonaroja.com.mx\/index.php?rest_route=\/wp\/v2\/types\/post"}],"author":[{"embeddable":true,"href":"https:\/\/zonaroja.com.mx\/index.php?rest_route=\/wp\/v2\/users\/2"}],"replies":[{"embeddable":true,"href":"https:\/\/zonaroja.com.mx\/index.php?rest_route=%2Fwp%2Fv2%2Fcomments&post=56777"}],"version-history":[{"count":1,"href":"https:\/\/zonaroja.com.mx\/index.php?rest_route=\/wp\/v2\/posts\/56777\/revisions"}],"predecessor-version":[{"id":56779,"href":"https:\/\/zonaroja.com.mx\/index.php?rest_route=\/wp\/v2\/posts\/56777\/revisions\/56779"}],"wp:featuredmedia":[{"embeddable":true,"href":"https:\/\/zonaroja.com.mx\/index.php?rest_route=\/wp\/v2\/media\/56778"}],"wp:attachment":[{"href":"https:\/\/zonaroja.com.mx\/index.php?rest_route=%2Fwp%2Fv2%2Fmedia&parent=56777"}],"wp:term":[{"taxonomy":"category","embeddable":true,"href":"https:\/\/zonaroja.com.mx\/index.php?rest_route=%2Fwp%2Fv2%2Fcategories&post=56777"},{"taxonomy":"post_tag","embeddable":true,"href":"https:\/\/zonaroja.com.mx\/index.php?rest_route=%2Fwp%2Fv2%2Ftags&post=56777"}],"curies":[{"name":"wp","href":"https:\/\/api.w.org\/{rel}","templated":true}]}}