{"id":56780,"date":"2023-06-23T11:24:00","date_gmt":"2023-06-23T16:24:00","guid":{"rendered":"http:\/\/www.zonaroja.com.mx\/?p=56780"},"modified":"2023-06-23T08:25:22","modified_gmt":"2023-06-23T13:25:22","slug":"morena-se-lanza-vs-ministros-de-la-scjn-advierte-que-va-por-plan-c","status":"publish","type":"post","link":"https:\/\/zonaroja.com.mx\/?p=56780","title":{"rendered":"Morena se lanza vs ministros de la SCJN; advierte que va por plan \u201cC\u201d\u00a0"},"content":{"rendered":"\n<p>Redacci\u00f3n\/Zona Roja Cdmx.<\/p>\n\n\n\n<p>Ciudad de M\u00e9xico, a 23 de junio de 2023.- Integrantes de Morena se lanzaron contra la Suprema Corte de Justicia de la Naci\u00f3n (SCJN) tras el rev\u00e9s al plan \u201cB\u201d que impuls\u00f3 el presidente Andr\u00e9s Manuel L\u00f3pez Obrador.&nbsp;<\/p>\n\n\n\n<p>Apuntaron que a partir de hoy inicia el plan \u201cC\u00bb y que se aplique una reforma al Poder Judicial para que ministros, magistrados y jueces sean electos por voto popular.<\/p>\n\n\n\n<p>Ignacio Mier, coordinador de Morena en la C\u00e1mara de Diputados, apunt\u00f3 que a partir de este jueves inicia el plan \u201cC\u201d, luego de que se invalid\u00f3 el plan \u201cB\u201d de la reforma electoral impulsada por la 4T.<\/p>\n\n\n\n<p>\u201cInicia el plan \u2018C\u2019 para convertir a M\u00e9xico en un pa\u00eds verdaderamente democr\u00e1tico. Para que el soberano sea el pueblo y no las mafias electorales ni la partidocracia. \u00a1En sus marcas, listos, fuera!\u201d, escribi\u00f3 en su cuenta de Twitter.<\/p>\n\n\n\n<p>A trav\u00e9s de sus redes sociales, la diputada federal de Morena, Andrea Ch\u00e1vez urgi\u00f3 que a los ministros se les elija por voto directo, pues dijo, \u201cnadie vot\u00f3 por ellos y a\u00fan as\u00ed se escudan en el \u2018nombre de la justicia\u2019 para atropellar a la voluntad popular y al proyecto de Naci\u00f3n que encabeza nuestro presidente\u201d.<\/p>\n\n\n\n<p>\u201cLa Suprema Corte (que de justa no tiene nada), vuelve a frenar un avance fundamental de la democracia mexicana. Decide, por asuntos procedimentales y de \u201ct\u00e9cnica legislativa\u201d, invalidar el plan \u2018B\u2019 de la Reforma Electoral\u201d, expres\u00f3 la diputada en su cuenta de Twitter.<\/p>\n\n\n\n<p>La diputada federal Julieta Ram\u00edrez tambi\u00e9n se lanz\u00f3 contra la oposici\u00f3n, pues dijo \u201cno estudia, no propone, no debate, solo se cruzan de brazos a esperar a que los ministros invaliden las leyes, c\u00f3mo el plan \u2018B\u2019 de la Reforma Electoral\u201d.<\/p>\n\n\n\n<p>\u201cQue porque alegan \u2018hubo una confusi\u00f3n que impidi\u00f3 a los diputados de las minor\u00edas discutir\u2019. Pobrecitos los nenes tan confundidos\u201d, ironiz\u00f3 la legisladora.<\/p>\n\n\n\n<p>Previo a la resoluci\u00f3n de la Corte, el presidente de la Mesa Directiva del Senado, Alejandro Armenta dijo que coincide \u201ccon la visi\u00f3n democr\u00e1tica que el presidente representa en nuestro pa\u00eds\u201d.<\/p>\n\n\n\n<p>En ese sentido, expuso que \u201cle acompa\u00f1amos con la iniciativa que present\u00e9 en abril, para democratizar al Poder Judicial, y con ello, cumplir con el principio de que, \u2018el pueblo pone y el pueblo quita\u2019\u201d, esto luego que en su conferencia ma\u00f1anera previo a la invalidaci\u00f3n de la segunda parte del plan \u201cB\u201d, AMLO reiter\u00f3 que se debe reformar el Poder Judicial.<\/p>\n\n\n\n<p>(Informaci\u00f3n de Pol\u00edtico Mx)<\/p>\n","protected":false},"excerpt":{"rendered":"<p>Redacci\u00f3n\/Zona Roja Cdmx. Ciudad de M\u00e9xico, a 23 de junio de 2023.- Integrantes de Morena&hellip;<\/p>\n","protected":false},"author":2,"featured_media":14485,"comment_status":"closed","ping_status":"open","sticky":false,"template":"","format":"standard","meta":{"_lmt_disableupdate":"","_lmt_disable":"","_jetpack_memberships_contains_paid_content":false,"footnotes":""},"categories":[109,47],"tags":[],"class_list":["post-56780","post","type-post","status-publish","format-standard","has-post-thumbnail","hentry","category-minuto-a-minuto","category-zona-gris"],"jetpack_featured_media_url":"https:\/\/zonaroja.com.mx\/wp-content\/uploads\/2020\/07\/Morena-bandera-3.jpg","jetpack_sharing_enabled":true,"_links":{"self":[{"href":"https:\/\/zonaroja.com.mx\/index.php?rest_route=\/wp\/v2\/posts\/56780","targetHints":{"allow":["GET"]}}],"collection":[{"href":"https:\/\/zonaroja.com.mx\/index.php?rest_route=\/wp\/v2\/posts"}],"about":[{"href":"https:\/\/zonaroja.com.mx\/index.php?rest_route=\/wp\/v2\/types\/post"}],"author":[{"embeddable":true,"href":"https:\/\/zonaroja.com.mx\/index.php?rest_route=\/wp\/v2\/users\/2"}],"replies":[{"embeddable":true,"href":"https:\/\/zonaroja.com.mx\/index.php?rest_route=%2Fwp%2Fv2%2Fcomments&post=56780"}],"version-history":[{"count":1,"href":"https:\/\/zonaroja.com.mx\/index.php?rest_route=\/wp\/v2\/posts\/56780\/revisions"}],"predecessor-version":[{"id":56781,"href":"https:\/\/zonaroja.com.mx\/index.php?rest_route=\/wp\/v2\/posts\/56780\/revisions\/56781"}],"wp:featuredmedia":[{"embeddable":true,"href":"https:\/\/zonaroja.com.mx\/index.php?rest_route=\/wp\/v2\/media\/14485"}],"wp:attachment":[{"href":"https:\/\/zonaroja.com.mx\/index.php?rest_route=%2Fwp%2Fv2%2Fmedia&parent=56780"}],"wp:term":[{"taxonomy":"category","embeddable":true,"href":"https:\/\/zonaroja.com.mx\/index.php?rest_route=%2Fwp%2Fv2%2Fcategories&post=56780"},{"taxonomy":"post_tag","embeddable":true,"href":"https:\/\/zonaroja.com.mx\/index.php?rest_route=%2Fwp%2Fv2%2Ftags&post=56780"}],"curies":[{"name":"wp","href":"https:\/\/api.w.org\/{rel}","templated":true}]}}