{"id":56782,"date":"2023-06-23T12:26:00","date_gmt":"2023-06-23T17:26:00","guid":{"rendered":"http:\/\/www.zonaroja.com.mx\/?p=56782"},"modified":"2023-06-23T08:28:17","modified_gmt":"2023-06-23T13:28:17","slug":"dictan-prision-preventiva-a-8-militares-ligados-a-la-desaparicion-de-los-43","status":"publish","type":"post","link":"https:\/\/zonaroja.com.mx\/?p=56782","title":{"rendered":"Dictan prisi\u00f3n preventiva a 8 militares ligados a la desaparici\u00f3n de los 43"},"content":{"rendered":"\n<p>Redacci\u00f3n\/Zona Roja Cdmx.<\/p>\n\n\n\n<p>Ciudad de M\u00e9xico, a 23 de junio de 2023.- La jueza segunda de distrito con sede en Almoloya de Ju\u00e1rez, estado de M\u00e9xico, Raquel Ivette Duarte Cedillo, determin\u00f3 que los ocho militares que fueron detenidos por presuntamente haber participado en la desaparici\u00f3n de los 43 normalistas de Ayotzinapa, deber\u00e1n permanecer en prisi\u00f3n preventiva, aunque la defensa de los integrantes del Ejercito Mexicano se\u00f1al\u00f3 que en las constancias que leyeron los ministerios p\u00fablicos no se menciona el nombre de ninguno de los implicados ni la forma en que intervinieron en la desaparici\u00f3n forzada de que se les acusa.<\/p>\n\n\n\n<p>Luego de una audiencia que dur\u00f3 m\u00e1s de 15 horas \u2013se inici\u00f3 el mi\u00e9rcoles antes del medio d\u00eda y concluy\u00f3 ayer a las 5:30 horas\u2013, la defensa de los ocho militares solicit\u00f3 la duplicidad del t\u00e9rmino (de 72 a 144 horas) para que se defina su situaci\u00f3n jur\u00eddica, ya que pretenden aportar pruebas de descargo que pudieran dar como resultado que no se les dicte auto de formal prisi\u00f3n por los delitos de desaparici\u00f3n forzada y delincuencia organizada.<\/p>\n\n\n\n<p>De acuerdo con informaci\u00f3n obtenida de funcionarios del Poder Judicial de la Federaci\u00f3n, los representantes de la Unidad Especializada en Investigaci\u00f3n y Litigaci\u00f3n del Caso Ayotzinapa leyeron las acusaciones, sustentadas en se\u00f1alamientos de testigos protegidos, entre ellos uno identificado con el nombre clave de Juan, y que ha sido se\u00f1alado de ex l\u00edder de la organizaci\u00f3n criminal Guerreros Unidos.<\/p>\n\n\n\n<p>A DISTANCIA<\/p>\n\n\n\n<p>Los ocho militares que comparecieron ayer ante la jueza Duarte Cedillo forman parte de un grupo de 16 soldados que la noche del 26 de septiembre de 2014 llevaron a cabo recorridos de vigilancia en el municipio de Iguala, luego de que los miembros de Guerreros Unidos, en coordinaci\u00f3n con polic\u00edas municipales de Iguala, Huitzuco y Cocula, privaron de la libertad a los 43 estudiantes.<\/p>\n\n\n\n<p>Los uniformados se encuentran detenidos en la prisi\u00f3n militar que se localiza en el campo militar n\u00famero 1, participaron en la audiencia a trav\u00e9s de videoconferencia, mientras la sede de la jueza del caso se encuentra en Almoloya de Ju\u00e1rez, estado de M\u00e9xico.<\/p>\n\n\n\n<p>Durante la diligencia, la defensa de los acusados expuso que las constancias que se leyeron no mencionan los nombres de sus clientes, ni existen declaraciones que los refieran por sus nombres o apellidos, ni tampoco c\u00f3mo pudieron haber participado en la desaparici\u00f3n de los estudiantes, ya que s\u00f3lo tuvieron contacto con los normalistas que recibieron atenci\u00f3n m\u00e9dica en la Cl\u00ednica Cristina y que no se encuentran desaparecidos.<\/p>\n\n\n\n<p>La jueza se\u00f1al\u00f3 que as\u00ed lo plante\u00f3 el Ministerio P\u00fablico y tendr\u00e1n que desacreditar esos se\u00f1alamientos, indicaron las fuentes consultadas. El pr\u00f3ximo lunes se definir\u00e1 si los sujetan a proceso penal.<\/p>\n\n\n\n<p>(Informaci\u00f3n de \u201cLa Jornada\u201d)<\/p>\n","protected":false},"excerpt":{"rendered":"<p>Redacci\u00f3n\/Zona Roja Cdmx. Ciudad de M\u00e9xico, a 23 de junio de 2023.- La jueza segunda&hellip;<\/p>\n","protected":false},"author":2,"featured_media":44956,"comment_status":"closed","ping_status":"open","sticky":false,"template":"","format":"standard","meta":{"_lmt_disableupdate":"","_lmt_disable":"","_jetpack_memberships_contains_paid_content":false,"footnotes":""},"categories":[109,46],"tags":[1816],"class_list":["post-56782","post","type-post","status-publish","format-standard","has-post-thumbnail","hentry","category-minuto-a-minuto","category-zona-blanca","tag-43-desaparecidos-ayotzinapa"],"jetpack_featured_media_url":"https:\/\/zonaroja.com.mx\/wp-content\/uploads\/2022\/08\/Enrique-Pena-Nieto-caso-Ayotzinapa.jpeg","jetpack_sharing_enabled":true,"_links":{"self":[{"href":"https:\/\/zonaroja.com.mx\/index.php?rest_route=\/wp\/v2\/posts\/56782","targetHints":{"allow":["GET"]}}],"collection":[{"href":"https:\/\/zonaroja.com.mx\/index.php?rest_route=\/wp\/v2\/posts"}],"about":[{"href":"https:\/\/zonaroja.com.mx\/index.php?rest_route=\/wp\/v2\/types\/post"}],"author":[{"embeddable":true,"href":"https:\/\/zonaroja.com.mx\/index.php?rest_route=\/wp\/v2\/users\/2"}],"replies":[{"embeddable":true,"href":"https:\/\/zonaroja.com.mx\/index.php?rest_route=%2Fwp%2Fv2%2Fcomments&post=56782"}],"version-history":[{"count":1,"href":"https:\/\/zonaroja.com.mx\/index.php?rest_route=\/wp\/v2\/posts\/56782\/revisions"}],"predecessor-version":[{"id":56783,"href":"https:\/\/zonaroja.com.mx\/index.php?rest_route=\/wp\/v2\/posts\/56782\/revisions\/56783"}],"wp:featuredmedia":[{"embeddable":true,"href":"https:\/\/zonaroja.com.mx\/index.php?rest_route=\/wp\/v2\/media\/44956"}],"wp:attachment":[{"href":"https:\/\/zonaroja.com.mx\/index.php?rest_route=%2Fwp%2Fv2%2Fmedia&parent=56782"}],"wp:term":[{"taxonomy":"category","embeddable":true,"href":"https:\/\/zonaroja.com.mx\/index.php?rest_route=%2Fwp%2Fv2%2Fcategories&post=56782"},{"taxonomy":"post_tag","embeddable":true,"href":"https:\/\/zonaroja.com.mx\/index.php?rest_route=%2Fwp%2Fv2%2Ftags&post=56782"}],"curies":[{"name":"wp","href":"https:\/\/api.w.org\/{rel}","templated":true}]}}