{"id":56787,"date":"2023-06-23T11:10:00","date_gmt":"2023-06-23T16:10:00","guid":{"rendered":"http:\/\/www.zonaroja.com.mx\/?p=56787"},"modified":"2023-06-23T09:12:26","modified_gmt":"2023-06-23T14:12:26","slug":"bancas-y-maceteros-de-concreto-en-centro-historico-sin-permiso-del-ayuntamiento","status":"publish","type":"post","link":"https:\/\/zonaroja.com.mx\/?p=56787","title":{"rendered":"Bancas y maceteros de concreto en Centro Hist\u00f3rico, sin permiso del ayuntamiento"},"content":{"rendered":"\n<p>Ismael Garc\u00eda M.\/Zona Roja.<\/p>\n\n\n\n<p>Oaxaca de Ju\u00e1rez, Oax., a 23 de junio de 2023.- Las bancas de concreto y macetones que el Gobierno del Estado en el primer cuadro del Centro Hist\u00f3rico de la ciudad de Oaxaca, no tienen el permiso del ayuntamiento.<\/p>\n\n\n\n<p>\u201cEfectivamente la Comisi\u00f3n del Centro Hist\u00f3rico no ha participado este asunto, pero nos parece que es una propuesta buena por parte del Gobierno del Estado, en el sentido de que se pueda transitar en algunas calles sin que se corte la vialidad, para disfrutar la arquitectura\u201d, dijo ayer el edil Francisco Mart\u00ednez Neri.<\/p>\n\n\n\n<p>\u201c\u2026obviamamente esto siempre respetando a los comerciantes, a las personas que viven en esos lugares y que desde luego puedan realizar sus actividades sin ning\u00fan menoscabo\u201d, expres\u00f3 en entrevista.<\/p>\n\n\n\n<p>Desde ayer por la tarde, a trav\u00e9s de la Secretar\u00eda de Movilidad, el gobierno increment\u00f3 la colocaci\u00f3n de bancas y macetones, estos \u00faltimos ocupados como basureros, a falta de recipientes para los desechos.<\/p>\n\n\n\n<p>Inicialmente se hab\u00edan colocado en la calle Valdivieso y luego en Hidalgo, aleda\u00f1os al z\u00f3calo; ayer continuaron en la calle de Trujano, Flores Mag\u00f3n, Bustamante y Guerrero.<\/p>\n\n\n\n<p>Ayer tambi\u00e9n, en la sesi\u00f3n de Cabildo, la regidora por el PRI, Jocabed Betanzos, inform\u00f3 que que integra la Comisi\u00f3n del Centro Hist\u00f3rico del ayuntamiento, pero pr\u00e1cticamente no ha sesionado este \u00f3rgano y en consecuencia no hay ninguna informaci\u00f3n, ni permiso, respecto a las bancas y macetones.<\/p>\n\n\n\n<p>En similares t\u00e9rminos se pronunci\u00f3 la regidora por el PAN, Mirna L\u00f3pez Torres, quien tambi\u00e9n lament\u00f3 que hasta el momento no se haya tomado en cuenta al gobierno municipal de Oaxaca de Ju\u00e1rez para el programa que implementa la autoridad estatal.<\/p>\n\n\n\n<p>El presidente de la Comisi\u00f3n del Centro Hist\u00f3rico, el morenista P\u00e1vel L\u00f3pez G\u00f3mez, no asisti\u00f3 ayer a la sesi\u00f3n, para informar si otorg\u00f3 el permiso de manera personal al Gobierno del Estado.<\/p>\n\n\n\n<p>S\u00f3lo a trav\u00e9s de redes sociales, la Secretar\u00eda de Movilidad del gobierno inform\u00f3 que \u201cCalles de Prioridad Peatonal\u201d es un pilar del programa \u201cOaxaca Camina\u201d, \u201cque promueve la convivencia de todas las formas de movilidad, d\u00e1ndole prioridad a las y los peatones en condiciones de mayor seguridad vial, mejorando la calidad ambiental y el disfrute del Centro Hist\u00f3rico\u201d.<\/p>\n","protected":false},"excerpt":{"rendered":"<p>Ismael Garc\u00eda M.\/Zona Roja. Oaxaca de Ju\u00e1rez, Oax., a 23 de junio de 2023.- Las&hellip;<\/p>\n","protected":false},"author":2,"featured_media":56788,"comment_status":"closed","ping_status":"open","sticky":false,"template":"","format":"standard","meta":{"_lmt_disableupdate":"","_lmt_disable":"","_jetpack_memberships_contains_paid_content":false,"footnotes":""},"categories":[109,47],"tags":[148],"class_list":["post-56787","post","type-post","status-publish","format-standard","has-post-thumbnail","hentry","category-minuto-a-minuto","category-zona-gris","tag-oaxaca-de-juarez"],"jetpack_featured_media_url":"https:\/\/zonaroja.com.mx\/wp-content\/uploads\/2023\/06\/Centro-ciudad-de-Oaxaca-bancas-y-maceteros.jpg","jetpack_sharing_enabled":true,"_links":{"self":[{"href":"https:\/\/zonaroja.com.mx\/index.php?rest_route=\/wp\/v2\/posts\/56787","targetHints":{"allow":["GET"]}}],"collection":[{"href":"https:\/\/zonaroja.com.mx\/index.php?rest_route=\/wp\/v2\/posts"}],"about":[{"href":"https:\/\/zonaroja.com.mx\/index.php?rest_route=\/wp\/v2\/types\/post"}],"author":[{"embeddable":true,"href":"https:\/\/zonaroja.com.mx\/index.php?rest_route=\/wp\/v2\/users\/2"}],"replies":[{"embeddable":true,"href":"https:\/\/zonaroja.com.mx\/index.php?rest_route=%2Fwp%2Fv2%2Fcomments&post=56787"}],"version-history":[{"count":1,"href":"https:\/\/zonaroja.com.mx\/index.php?rest_route=\/wp\/v2\/posts\/56787\/revisions"}],"predecessor-version":[{"id":56789,"href":"https:\/\/zonaroja.com.mx\/index.php?rest_route=\/wp\/v2\/posts\/56787\/revisions\/56789"}],"wp:featuredmedia":[{"embeddable":true,"href":"https:\/\/zonaroja.com.mx\/index.php?rest_route=\/wp\/v2\/media\/56788"}],"wp:attachment":[{"href":"https:\/\/zonaroja.com.mx\/index.php?rest_route=%2Fwp%2Fv2%2Fmedia&parent=56787"}],"wp:term":[{"taxonomy":"category","embeddable":true,"href":"https:\/\/zonaroja.com.mx\/index.php?rest_route=%2Fwp%2Fv2%2Fcategories&post=56787"},{"taxonomy":"post_tag","embeddable":true,"href":"https:\/\/zonaroja.com.mx\/index.php?rest_route=%2Fwp%2Fv2%2Ftags&post=56787"}],"curies":[{"name":"wp","href":"https:\/\/api.w.org\/{rel}","templated":true}]}}