{"id":56794,"date":"2023-06-23T15:04:50","date_gmt":"2023-06-23T20:04:50","guid":{"rendered":"http:\/\/www.zonaroja.com.mx\/?p=56794"},"modified":"2023-06-23T21:13:44","modified_gmt":"2023-06-24T02:13:44","slug":"tres-anos-despues-reciben-disculpa-publica-alumna-y-maestra-violentada-de-la-unistmo","status":"publish","type":"post","link":"https:\/\/zonaroja.com.mx\/?p=56794","title":{"rendered":"Tres a\u00f1os despu\u00e9s, reciben disculpa p\u00fablica alumna y maestra violentada de la Unistmo"},"content":{"rendered":"\n<p>Yuridiana Sosa\/Zona Roja.<\/p>\n\n\n\n<p>Oaxaca de Ju\u00e1rez, Oax., a 23 de junio de 2023.- A tres a\u00f1os de los hechos violatorios a los derechos humanos de la alumna Biiniza Nadxieeli Andr\u00e9s Carballido y la docente Monserrat S\u00e1nchez Moreno, por parte de la Universidad del Istmo (Unistmo), campus Ciudad Ixtepec, este viernes recibieron disculpas p\u00fablicas, en cumplimiento a la sentencia del Poder Judicial, como parte de la reparaci\u00f3n del da\u00f1o. <\/p>\n\n\n\n<p>Esta acci\u00f3n es parte de la sentencia citada por la Sala Constitucional del Tribunal Superior de Justicia del Estado de Oaxaca en el expediente JPDH\/02\/2022, por lo que los altos funcionarios de la Unistmo se disculparon con ambas mujeres, quienes se atrevieron a denunciar abuso sexual de parte de profesores, hostigamiento, amenazas, despidos injustificados y la protecci\u00f3n a los catedr\u00e1ticos por parte de la directiva.<\/p>\n\n\n\n<p>Este hecho fue calificado por la Red de Abogadas Ind\u00edgenas como un precedente a favor de la justicia, la dignidad y los derechos humanos de las mujeres, as\u00ed como hist\u00f3rico para Oaxaca, pues se dignifica la lucha de las alumnas y docentes.<\/p>\n\n\n\n<p>As\u00ed tambi\u00e9n, por medio de un pronunciamiento, la organizaci\u00f3n reconoci\u00f3 la valent\u00eda de la alumna y docente por resistir el proceso en b\u00fasqueda de la justicia ante las violaciones a sus derechos humanos.<\/p>\n\n\n\n<p>\u201cEste precedente obliga a los centros educativos p\u00fablicos y privados de todos los niveles hacer espacios libres de violencia de g\u00e9nero contra las mujeres\u201d, sentenci\u00f3 la Red de Abogadas, quien agreg\u00f3 que \u201cel personal directivo docente y administrativo \u2013de instituciones- deben realizar las acciones necesarias para prevenir investigar sancionar y erradicar todas las formas de violencia de g\u00e9nero en contra de las mujeres en el interior de escuelas y universidades\u201d. <\/p>\n\n\n\n<figure class=\"wp-block-embed is-type-rich is-provider-twitter wp-block-embed-twitter\"><div class=\"wp-block-embed__wrapper\">\n<div class=\"twitter-tweet\"><blockquote class=\"twitter-tweet\" data-lang=\"es\"><p lang=\"es\" dir=\"ltr\">\ud83d\udce2<a href=\"https:\/\/twitter.com\/unistmo?ref_src=twsrc%5Etfw\">@UNISTMO<\/a> campus Ixtepec, realiza hoy el acto de disculpa p\u00fablica a la alumna Biiniza A.C y  la profesora Monserrat S\u00e1nchez.<br><br>Este hecho deja  precedente a favor d la justicia, la dignidad y los dchos humanos d las mujeres. <a href=\"https:\/\/twitter.com\/salomonj?ref_src=twsrc%5Etfw\">@salomonj<\/a>  <a href=\"https:\/\/twitter.com\/jesusromerooax?ref_src=twsrc%5Etfw\">@jesusromerooax<\/a> <a href=\"https:\/\/twitter.com\/geovanyvasquez?ref_src=twsrc%5Etfw\">@geovanyvasquez<\/a> <a href=\"https:\/\/twitter.com\/tsjoaxaca?ref_src=twsrc%5Etfw\">@tsjoaxaca<\/a> <a href=\"https:\/\/t.co\/D0HRpAbZZN\">pic.twitter.com\/D0HRpAbZZN<\/a><\/p>&mdash; Red Abogadas Ind\u00edgenas, RAI-MX\ud83c\uddf2\ud83c\uddfd (@RedAbogadas) <a href=\"https:\/\/twitter.com\/RedAbogadas\/status\/1672242613288857600?ref_src=twsrc%5Etfw\">23 de junio de 2023<\/a><\/blockquote><\/div>\n<\/div><\/figure>\n\n\n\n<p>LUCHA POR JUSTICIA<\/p>\n\n\n\n<p>En mayo de este a\u00f1o, la Sala Constitucional y Cuarta Sala Penal Colegiado del Tribunal Superior de Justicia del Estado De Oaxaca confirm\u00f3 que la Universidad del Istmo, Campus Ixtepec, s\u00ed viol\u00f3 los derechos humanos de una alumna y profesora, por lo que deb\u00eda cumplir con la recomendaci\u00f3n emitida por la Defensor\u00eda de los Derechos Humanos del Pueblo de Oaxaca 4\/2021.<\/p>\n\n\n\n<p>Dicha recomendaci\u00f3n fue emitida por la DDHPO en 2021 por \u201cViolaci\u00f3n a los derechos humanos de las mujeres y al debido proceso (garant\u00edas judiciales)\u201d, luego de acreditar las denuncias por abuso sexual de parte de profesores, hostigamiento, amenazas, despidos injustificados y la protecci\u00f3n a los catedr\u00e1ticos por parte de la directiva, misma que la instituci\u00f3n hab\u00eda ignorado.<\/p>\n","protected":false},"excerpt":{"rendered":"<p>Yuridiana Sosa\/Zona Roja. Oaxaca de Ju\u00e1rez, Oax., a 23 de junio de 2023.- A tres&hellip;<\/p>\n","protected":false},"author":2,"featured_media":56793,"comment_status":"closed","ping_status":"open","sticky":false,"template":"","format":"standard","meta":{"_lmt_disableupdate":"","_lmt_disable":"","_jetpack_memberships_contains_paid_content":false,"footnotes":""},"categories":[109,47],"tags":[2976],"class_list":["post-56794","post","type-post","status-publish","format-standard","has-post-thumbnail","hentry","category-minuto-a-minuto","category-zona-gris","tag-universidad-del-istmo-unistmo"],"jetpack_featured_media_url":"https:\/\/zonaroja.com.mx\/wp-content\/uploads\/2023\/06\/img_6002.jpg","jetpack_sharing_enabled":true,"_links":{"self":[{"href":"https:\/\/zonaroja.com.mx\/index.php?rest_route=\/wp\/v2\/posts\/56794","targetHints":{"allow":["GET"]}}],"collection":[{"href":"https:\/\/zonaroja.com.mx\/index.php?rest_route=\/wp\/v2\/posts"}],"about":[{"href":"https:\/\/zonaroja.com.mx\/index.php?rest_route=\/wp\/v2\/types\/post"}],"author":[{"embeddable":true,"href":"https:\/\/zonaroja.com.mx\/index.php?rest_route=\/wp\/v2\/users\/2"}],"replies":[{"embeddable":true,"href":"https:\/\/zonaroja.com.mx\/index.php?rest_route=%2Fwp%2Fv2%2Fcomments&post=56794"}],"version-history":[{"count":2,"href":"https:\/\/zonaroja.com.mx\/index.php?rest_route=\/wp\/v2\/posts\/56794\/revisions"}],"predecessor-version":[{"id":56804,"href":"https:\/\/zonaroja.com.mx\/index.php?rest_route=\/wp\/v2\/posts\/56794\/revisions\/56804"}],"wp:featuredmedia":[{"embeddable":true,"href":"https:\/\/zonaroja.com.mx\/index.php?rest_route=\/wp\/v2\/media\/56793"}],"wp:attachment":[{"href":"https:\/\/zonaroja.com.mx\/index.php?rest_route=%2Fwp%2Fv2%2Fmedia&parent=56794"}],"wp:term":[{"taxonomy":"category","embeddable":true,"href":"https:\/\/zonaroja.com.mx\/index.php?rest_route=%2Fwp%2Fv2%2Fcategories&post=56794"},{"taxonomy":"post_tag","embeddable":true,"href":"https:\/\/zonaroja.com.mx\/index.php?rest_route=%2Fwp%2Fv2%2Ftags&post=56794"}],"curies":[{"name":"wp","href":"https:\/\/api.w.org\/{rel}","templated":true}]}}