{"id":56797,"date":"2023-06-23T15:55:15","date_gmt":"2023-06-23T20:55:15","guid":{"rendered":"http:\/\/www.zonaroja.com.mx\/?p=56797"},"modified":"2023-06-23T21:12:58","modified_gmt":"2023-06-24T02:12:58","slug":"aprehension-del-ex-oficial-del-registro-civil-relacionada-con-notario-del-cartel-del-despojo","status":"publish","type":"post","link":"https:\/\/zonaroja.com.mx\/?p=56797","title":{"rendered":"Aprehensi\u00f3n del ex oficial del Registro Civil, relacionada con notario del \u201cC\u00e1rtel del despojo\u201d"},"content":{"rendered":"\n<p>Redacci\u00f3n\/Zona Roja.<\/p>\n\n\n\n<p>Oaxaca de Ju\u00e1rez, Oax., a 23 de junio de 2023.- La aprehensi\u00f3n de Ulises G. B., ex oficial de la Direcci\u00f3n del Registro Civil, est\u00e1 relacionada con el caso de los hermanos G\u00f3mez Conzatti y el notario detenido recientemente en Italia, Jorge A. G. M., confirm\u00f3 la Consejer\u00eda Jur\u00eddica. <\/p>\n\n\n\n<p>Quien fuera funcionario en el gobierno de Alejandro Murat Hinojosa fue arrestado esta ma\u00f1ana, dio a conocer la Fiscal\u00eda General del Estado de Oaxaca (FEO), por los delitos de falsificaci\u00f3n de documentos, ejercicio il\u00edcito del servicio p\u00fabico y violaci\u00f3n de otras garant\u00edas<\/p>\n\n\n\n<p>En un comunicado, detall\u00f3 que, de acuerdo a la causa penal, en julio de 2019, el imputado &#8211;quien en ese momento se desempe\u00f1aba como trabajador del Registro Civil&#8211;, presuntamente llev\u00f3 a cabo modificaciones al acta de nacimiento de las v\u00edctimas identificadas como H.G.C.M., C.G.C.M., A.G.C.M., motivo por el cual las personas afectadas iniciaron una denuncia penal.<\/p>\n\n\n\n<p>Ante ello, la GEO tom\u00f3 conocimiento del caso e inici\u00f3 las investigaciones correspondientes, llevando ante el juez las pruebas suficientes que permitieron obtener la orden de aprehensi\u00f3n, misma que fue elecutada este viernes.<\/p>\n\n\n\n<p>COMBATE A LA CORRUPCI\u00d3N&nbsp;<\/p>\n\n\n\n<p>Por su parte, el consejero Jur\u00eddico y Asistente Legal del Gobierno de Oaxaca, Geovany V\u00e1squez Sagrero, se\u00f1al\u00f3 que con la detenci\u00f3n del exfuncionario de la Direcci\u00f3n del Registro Civil en la administraci\u00f3n anterior, \u201cse avanza en el combate a la corrupci\u00f3n que impulsa el gobernador Salom\u00f3n Jara Cruz, como demanda ciudadana para el establecimiento de la justicia\u201d.<\/p>\n\n\n\n<p>En un bolet\u00edn de prensa, confirm\u00f3 que, de acuerdo al expediente penal, esta persona fue detenida por los delitos de falsificaci\u00f3n de documentos, ejercicio il\u00edcito del servicio p\u00fabico y violaci\u00f3n de otras garant\u00edas, y se encuentra ligada al esquema criminal denominado \u201cC\u00e1rtel del despojo\u201d.<\/p>\n\n\n\n<p>V\u00e1squez Sagrero dijo que, de acuerdo a la indagatoria, la detenci\u00f3n de U. G. B en San Francisco Lachigol\u00f3, est\u00e1 relacionado con los delitos de cambio de nombres de los hermanos G\u00f3mez Conzatti y Mart\u00ednez, quieres presentaron las denuncias correspondientes por la desaparici\u00f3n de sus actas de nacimiento, las cuales fueron sustituidas por otras con apellidos diferentes.<\/p>\n\n\n\n<p>Se\u00f1al\u00f3 que el Gobierno del Estado, mediante la Consejer\u00eda Jur\u00eddica y Asistencia Legal coadyuva con la instancia investigadora, la Fiscal\u00eda General, para el combate a la corrupci\u00f3n e impunidad, como lo ha demandado el pueblo de Oaxaca.<\/p>\n\n\n\n<p>Dijo que se continuar\u00e1 con las acciones para que, conforme a la ley y a las pruebas correspondientes, se denuncien los delitos que se han cometido contra personas o el erario p\u00fablico del estado.&nbsp;<\/p>\n\n\n\n<p>El imputado est\u00e1 relacionado con la detenci\u00f3n del Notario P\u00fablico n\u00famero 135, Jorge A. M. G., por el despojo de propiedades a personas.<\/p>\n\n\n\n<p>De acuerdo a la causa penal por la FGEO en julio de 2019, U. G. B., quien en ese momento se desempe\u00f1aba como trabador del Registro Civil, presuntamente llev\u00f3 a cabo modificaciones al acta de nacimiento de las v\u00edctimas identificadas como H. G. C. M., C. G. C. M, y A. G. C. M. motivo por el cual las personas afectadas iniciaron una denuncia penal.<\/p>\n","protected":false},"excerpt":{"rendered":"<p>Redacci\u00f3n\/Zona Roja. Oaxaca de Ju\u00e1rez, Oax., a 23 de junio de 2023.- La aprehensi\u00f3n de&hellip;<\/p>\n","protected":false},"author":2,"featured_media":56803,"comment_status":"closed","ping_status":"open","sticky":false,"template":"","format":"standard","meta":{"_lmt_disableupdate":"","_lmt_disable":"","_jetpack_memberships_contains_paid_content":false,"footnotes":""},"categories":[109,47],"tags":[494],"class_list":["post-56797","post","type-post","status-publish","format-standard","has-post-thumbnail","hentry","category-minuto-a-minuto","category-zona-gris","tag-fiscalia-general-del-estado-de-oaxaca"],"jetpack_featured_media_url":"https:\/\/zonaroja.com.mx\/wp-content\/uploads\/2023\/06\/Detenido-Ulises-G.-B.-caso-Registro-Civil.jpg","jetpack_sharing_enabled":true,"_links":{"self":[{"href":"https:\/\/zonaroja.com.mx\/index.php?rest_route=\/wp\/v2\/posts\/56797","targetHints":{"allow":["GET"]}}],"collection":[{"href":"https:\/\/zonaroja.com.mx\/index.php?rest_route=\/wp\/v2\/posts"}],"about":[{"href":"https:\/\/zonaroja.com.mx\/index.php?rest_route=\/wp\/v2\/types\/post"}],"author":[{"embeddable":true,"href":"https:\/\/zonaroja.com.mx\/index.php?rest_route=\/wp\/v2\/users\/2"}],"replies":[{"embeddable":true,"href":"https:\/\/zonaroja.com.mx\/index.php?rest_route=%2Fwp%2Fv2%2Fcomments&post=56797"}],"version-history":[{"count":1,"href":"https:\/\/zonaroja.com.mx\/index.php?rest_route=\/wp\/v2\/posts\/56797\/revisions"}],"predecessor-version":[{"id":56798,"href":"https:\/\/zonaroja.com.mx\/index.php?rest_route=\/wp\/v2\/posts\/56797\/revisions\/56798"}],"wp:featuredmedia":[{"embeddable":true,"href":"https:\/\/zonaroja.com.mx\/index.php?rest_route=\/wp\/v2\/media\/56803"}],"wp:attachment":[{"href":"https:\/\/zonaroja.com.mx\/index.php?rest_route=%2Fwp%2Fv2%2Fmedia&parent=56797"}],"wp:term":[{"taxonomy":"category","embeddable":true,"href":"https:\/\/zonaroja.com.mx\/index.php?rest_route=%2Fwp%2Fv2%2Fcategories&post=56797"},{"taxonomy":"post_tag","embeddable":true,"href":"https:\/\/zonaroja.com.mx\/index.php?rest_route=%2Fwp%2Fv2%2Ftags&post=56797"}],"curies":[{"name":"wp","href":"https:\/\/api.w.org\/{rel}","templated":true}]}}