{"id":56805,"date":"2023-06-23T22:43:20","date_gmt":"2023-06-24T03:43:20","guid":{"rendered":"http:\/\/www.zonaroja.com.mx\/?p=56805"},"modified":"2023-06-23T22:54:38","modified_gmt":"2023-06-24T03:54:38","slug":"el-congreso-de-oaxaca-podria-ser-sede-de-debates-presidenciales","status":"publish","type":"post","link":"https:\/\/zonaroja.com.mx\/?p=56805","title":{"rendered":"El Congreso de Oaxaca podr\u00eda ser sede de debates presidenciales"},"content":{"rendered":"\n<p>Redacci\u00f3n\/Zona Roja. <\/p>\n\n\n\n<p>Oaxaca de Ju\u00e1rez, Oax., a 23 de junio de 2023.- En el marco de la sucesi\u00f3n presidencial, la diputada presidenta de la 65 Legislatura, Miriam de los \u00c1ngeles V\u00e1zquez, plante\u00f3 que el Congreso del Estado se convierta en un espacio de debate e intercambio de ideas, donde las y los candidatos presidenciales puedan escuchar y plantear propuestas encaminadas a fortalecer una agenda federalista para el estado de Oaxaca.<\/p>\n\n\n\n<p>Esto con el objetivo de mejorar la coordinaci\u00f3n intergubernamental y generar rutas de entendimiento ante los problemas que atienden de forma concurrente con nuestra entidad.<\/p>\n\n\n\n<p>Por este motivo, la legisladora present\u00f3 el Proyecto de Proposici\u00f3n con Punto de Acuerdo para exhortar a la Junta de Coordinaci\u00f3n Pol\u00edtica a que analice la viabilidad de pronunciarse sobre las actividades de organizaci\u00f3n del pr\u00f3ximo proceso electoral 2024.<\/p>\n\n\n\n<p>Aunado a ello, abrir el Congreso para que las ideas y propuestas de las y los candidatos presidenciales tengan un referente institucional que abonen al fortalecimiento de nuestro sistema federalista, as\u00ed como para construir una agenda m\u00ednima intergubernamental del orden federal que permita mejorar la coordinaci\u00f3n, donde tambi\u00e9n podr\u00eda participar las y los ciudadanos.<\/p>\n","protected":false},"excerpt":{"rendered":"<p>Redacci\u00f3n\/Zona Roja. Oaxaca de Ju\u00e1rez, Oax., a 23 de junio de 2023.- En el marco&hellip;<\/p>\n","protected":false},"author":2,"featured_media":48071,"comment_status":"closed","ping_status":"open","sticky":false,"template":"","format":"standard","meta":{"_lmt_disableupdate":"","_lmt_disable":"","_jetpack_memberships_contains_paid_content":false,"footnotes":""},"categories":[109,46],"tags":[],"class_list":["post-56805","post","type-post","status-publish","format-standard","has-post-thumbnail","hentry","category-minuto-a-minuto","category-zona-blanca"],"jetpack_featured_media_url":"https:\/\/zonaroja.com.mx\/wp-content\/uploads\/2022\/11\/Sede-del-Congreso-Oaxaca-diputados.jpg","jetpack_sharing_enabled":true,"_links":{"self":[{"href":"https:\/\/zonaroja.com.mx\/index.php?rest_route=\/wp\/v2\/posts\/56805","targetHints":{"allow":["GET"]}}],"collection":[{"href":"https:\/\/zonaroja.com.mx\/index.php?rest_route=\/wp\/v2\/posts"}],"about":[{"href":"https:\/\/zonaroja.com.mx\/index.php?rest_route=\/wp\/v2\/types\/post"}],"author":[{"embeddable":true,"href":"https:\/\/zonaroja.com.mx\/index.php?rest_route=\/wp\/v2\/users\/2"}],"replies":[{"embeddable":true,"href":"https:\/\/zonaroja.com.mx\/index.php?rest_route=%2Fwp%2Fv2%2Fcomments&post=56805"}],"version-history":[{"count":1,"href":"https:\/\/zonaroja.com.mx\/index.php?rest_route=\/wp\/v2\/posts\/56805\/revisions"}],"predecessor-version":[{"id":56806,"href":"https:\/\/zonaroja.com.mx\/index.php?rest_route=\/wp\/v2\/posts\/56805\/revisions\/56806"}],"wp:featuredmedia":[{"embeddable":true,"href":"https:\/\/zonaroja.com.mx\/index.php?rest_route=\/wp\/v2\/media\/48071"}],"wp:attachment":[{"href":"https:\/\/zonaroja.com.mx\/index.php?rest_route=%2Fwp%2Fv2%2Fmedia&parent=56805"}],"wp:term":[{"taxonomy":"category","embeddable":true,"href":"https:\/\/zonaroja.com.mx\/index.php?rest_route=%2Fwp%2Fv2%2Fcategories&post=56805"},{"taxonomy":"post_tag","embeddable":true,"href":"https:\/\/zonaroja.com.mx\/index.php?rest_route=%2Fwp%2Fv2%2Ftags&post=56805"}],"curies":[{"name":"wp","href":"https:\/\/api.w.org\/{rel}","templated":true}]}}