{"id":56807,"date":"2023-06-24T08:16:56","date_gmt":"2023-06-24T13:16:56","guid":{"rendered":"http:\/\/www.zonaroja.com.mx\/?p=56807"},"modified":"2023-06-24T08:17:00","modified_gmt":"2023-06-24T13:17:00","slug":"recorre-titular-del-cobao-mayoria-de-planteles-en-el-estado","status":"publish","type":"post","link":"https:\/\/zonaroja.com.mx\/?p=56807","title":{"rendered":"Recorre titular del Cobao mayor\u00eda de planteles en el estado"},"content":{"rendered":"\n<p>Redacci\u00f3n\/Zona Roja.<\/p>\n\n\n\n<p>Oaxaca de Ju\u00e1rez, Oax., a 24 de junio de 2023.- De Ixhuat\u00e1n en el Istmo, a Pinotepa Nacional y Pinotepa de don Luis, as\u00ed como R\u00edo Grande Tututepec, en la Costa, luego a San Antonio de la Cal y a Ejutla en Valles Centrales, para encaminarse este mismo d\u00eda al plantel Pochutla, son los puntos donde ha realizado trabajos de supervisi\u00f3n y acompa\u00f1ado ceremonias de graduaci\u00f3n la directora general del Colegio de Bachilleres del Estado de Oaxaca (Cobao), Ver\u00f3nica Hern\u00e1ndez Gonz\u00e1lez, en los \u00faltimos d\u00edas.<\/p>\n\n\n\n<p>El objetivo es batir su propio r\u00e9cord de trabajo expreso: \u00abhay muchas circunstancias que necesitan de atenci\u00f3n directa, incluso de di\u00e1logo de concertaci\u00f3n, por ello es imperante como lo ha establecido el gobernador Salom\u00f3n Jara, hacer un trabajo de territorio, no de escritorio. No me conformo con escuchar a distancia, llevo a la fecha un total de 49 planteles visitados de los 68 que conforma la gran instituci\u00f3n Cobao, estamos avanzando con acciones integrales\u201d.<\/p>\n\n\n\n<p>Es alentador expuso, llegar y escuchar las palabras de los directivos, de los docentes, del personal en general y sobre todo del estudiantado, pues en la mayor\u00eda de planteles le manifiestan que no hab\u00edan sido visitados nunca antes por un director general y m\u00e1s all\u00e1 de la visita dijo, voy a escuchar, a atender y a hacer equipo.<\/p>\n\n\n\n<p>En este contexto, dijo que a la salida de cada plantel se lleva peticiones y exigencias con las que va construyendo la lista de prioridades que urgen de atenci\u00f3n, desde apoyos para impulsar a grandes talentos estudiantiles hasta gestiones personales en algunas otras dependencias.<\/p>\n\n\n\n<p>Adem\u00e1s, necesidades fundamentales en los respectivos colegios: construcci\u00f3n de tanques, cisternas, techados, reposici\u00f3n de ventanales, larga lista que la llevan a buscar estrategias, como lo ha sido la coordinaci\u00f3n con autoridades municipales, presidentes, alcaldesas y sus cabildos, que van entendiendo que juntos pueden hacer grandes cosas por el desarrollo de las juventudes del estado de Oaxaca, el futuro inmediato del estado.<\/p>\n\n\n\n<figure class=\"wp-block-embed is-type-rich is-provider-twitter wp-block-embed-twitter\"><div class=\"wp-block-embed__wrapper\">\n<div class=\"twitter-tweet\"><blockquote class=\"twitter-tweet\" data-lang=\"es\"><p lang=\"es\" dir=\"ltr\">El <a href=\"https:\/\/twitter.com\/COBAO_GobOax?ref_src=twsrc%5Etfw\">@COBAO_GobOax<\/a> contin\u00faa con las ceremonias de graduaci\u00f3n en todo el estado, a las que ha acudido la directora general, <a href=\"https:\/\/twitter.com\/doctoravero?ref_src=twsrc%5Etfw\">@doctoravero<\/a>.<br>En im\u00e1genes, el evento efectuado en el plantel de Pinotepa Nacional. <a href=\"https:\/\/t.co\/lR2XRXzCaE\">pic.twitter.com\/lR2XRXzCaE<\/a><\/p>&mdash; Zona Roja Oaxaca (@ZonaRoja_Oaxaca) <a href=\"https:\/\/twitter.com\/ZonaRoja_Oaxaca\/status\/1672069964314861570?ref_src=twsrc%5Etfw\">23 de junio de 2023<\/a><\/blockquote><\/div>\n<\/div><\/figure>\n","protected":false},"excerpt":{"rendered":"<p>Redacci\u00f3n\/Zona Roja. Oaxaca de Ju\u00e1rez, Oax., a 24 de junio de 2023.- De Ixhuat\u00e1n en&hellip;<\/p>\n","protected":false},"author":2,"featured_media":56808,"comment_status":"closed","ping_status":"open","sticky":false,"template":"","format":"standard","meta":{"_lmt_disableupdate":"","_lmt_disable":"","_jetpack_memberships_contains_paid_content":false,"footnotes":""},"categories":[109,46],"tags":[2883],"class_list":["post-56807","post","type-post","status-publish","format-standard","has-post-thumbnail","hentry","category-minuto-a-minuto","category-zona-blanca","tag-colegio-de-bachilleres-de-oaxaca-cobao"],"jetpack_featured_media_url":"https:\/\/zonaroja.com.mx\/wp-content\/uploads\/2023\/06\/Cobao-clausura-de-cursos.jpeg","jetpack_sharing_enabled":true,"_links":{"self":[{"href":"https:\/\/zonaroja.com.mx\/index.php?rest_route=\/wp\/v2\/posts\/56807","targetHints":{"allow":["GET"]}}],"collection":[{"href":"https:\/\/zonaroja.com.mx\/index.php?rest_route=\/wp\/v2\/posts"}],"about":[{"href":"https:\/\/zonaroja.com.mx\/index.php?rest_route=\/wp\/v2\/types\/post"}],"author":[{"embeddable":true,"href":"https:\/\/zonaroja.com.mx\/index.php?rest_route=\/wp\/v2\/users\/2"}],"replies":[{"embeddable":true,"href":"https:\/\/zonaroja.com.mx\/index.php?rest_route=%2Fwp%2Fv2%2Fcomments&post=56807"}],"version-history":[{"count":1,"href":"https:\/\/zonaroja.com.mx\/index.php?rest_route=\/wp\/v2\/posts\/56807\/revisions"}],"predecessor-version":[{"id":56809,"href":"https:\/\/zonaroja.com.mx\/index.php?rest_route=\/wp\/v2\/posts\/56807\/revisions\/56809"}],"wp:featuredmedia":[{"embeddable":true,"href":"https:\/\/zonaroja.com.mx\/index.php?rest_route=\/wp\/v2\/media\/56808"}],"wp:attachment":[{"href":"https:\/\/zonaroja.com.mx\/index.php?rest_route=%2Fwp%2Fv2%2Fmedia&parent=56807"}],"wp:term":[{"taxonomy":"category","embeddable":true,"href":"https:\/\/zonaroja.com.mx\/index.php?rest_route=%2Fwp%2Fv2%2Fcategories&post=56807"},{"taxonomy":"post_tag","embeddable":true,"href":"https:\/\/zonaroja.com.mx\/index.php?rest_route=%2Fwp%2Fv2%2Ftags&post=56807"}],"curies":[{"name":"wp","href":"https:\/\/api.w.org\/{rel}","templated":true}]}}