{"id":5681,"date":"2019-11-12T16:27:26","date_gmt":"2019-11-12T22:27:26","guid":{"rendered":"http:\/\/www.zonaroja.com.mx\/?p=5681"},"modified":"2019-11-12T16:27:29","modified_gmt":"2019-11-12T22:27:29","slug":"alertan-por-lluvias-y-descenso-de-temperaturas-en-oaxaca","status":"publish","type":"post","link":"https:\/\/zonaroja.com.mx\/?p=5681","title":{"rendered":"Alertan por lluvias y descenso de temperaturas en Oaxaca"},"content":{"rendered":"\n<p>Redacci\u00f3n\/Zona Roja.<\/p>\n\n\n\n<p>Oaxaca de Ju\u00e1rez, Oax. 12 de noviembre\nde 2019.- La Coordinaci\u00f3n Estatal de Protecci\u00f3n Civil de Oaxaca (CEPCO),\ninforma que en las pr\u00f3ximas 24 horas se prev\u00e9 lluvias, evento de \u201cNorte\u201d y\ndescenso de temperatura en la entidad.<\/p>\n\n\n\n<p>En un comunicado, indic\u00f3 que el Frente\nFr\u00edo n\u00famero 12 y su potente masa de aire \u00e1rtico, estar\u00e1 afectando al estado de\nOaxaca durante las pr\u00f3ximas horas, provocando lluvias muy fuertes en la porci\u00f3n\nnorte de la entidad.<\/p>\n\n\n\n<p>As\u00ed como evento de \u201cNorte\u201d fuerte a\nintenso en la regi\u00f3n del Istmo, especialmente en el tramo La Venta-La Ventosa de\nJuchit\u00e1n, y oleaje elevado en aguas del Golfo de Tehuantepec.<\/p>\n\n\n\n<p>De la misma manera, se espera un\nmarcado descenso de temperatura m\u00e1s notable en zonas mayores de mil 800 metros\nde altura, especialmente en las regiones Mixteca y Sierra Norte.<\/p>\n\n\n\n<p>Por ello, exhorta a la poblaci\u00f3n\natender las recomendaciones de Protecci\u00f3n Civil de su localidad, Polic\u00eda de\nCamino y Capitan\u00eda de Puerto.<\/p>\n\n\n\n<p>Entre otras recomendaciones, sugiere localizar\nlos lugares altos y las rutas por donde llegar a los refugios temporales;\ninformarse a trav\u00e9s de los medios de comunicaci\u00f3n, de los avisos y\/o\npron\u00f3sticos de lluvias.<\/p>\n\n\n\n<p>Evita cruzar puentes cuando el nivel\ndel r\u00edo lo alcance; practicar con tiempo una evacuaci\u00f3n pronta, hacia la zona\nm\u00e1s segura, alta y cercana.<\/p>\n\n\n\n<p>Evitar caminar en zonas inundadas,\nporque el agua puede arrastrar hasta veh\u00edculos, as\u00ed como cruzar cualquier r\u00edo en\nveh\u00edculo o caminando, y mantenerse lejos de la corriente, ya que podr\u00edas ser\narrastrado.<\/p>\n","protected":false},"excerpt":{"rendered":"<p>Redacci\u00f3n\/Zona Roja. Oaxaca de Ju\u00e1rez, Oax. 12 de noviembre de 2019.- La Coordinaci\u00f3n Estatal de&hellip;<\/p>\n","protected":false},"author":2,"featured_media":5682,"comment_status":"closed","ping_status":"open","sticky":false,"template":"","format":"standard","meta":{"_lmt_disableupdate":"","_lmt_disable":"","_jetpack_memberships_contains_paid_content":false,"footnotes":""},"categories":[109],"tags":[212],"class_list":["post-5681","post","type-post","status-publish","format-standard","has-post-thumbnail","hentry","category-minuto-a-minuto","tag-coordinacion-estatal-de-proteccion-civil"],"jetpack_featured_media_url":"https:\/\/zonaroja.com.mx\/wp-content\/uploads\/2019\/11\/fr\u00edo.jpg","jetpack_sharing_enabled":true,"_links":{"self":[{"href":"https:\/\/zonaroja.com.mx\/index.php?rest_route=\/wp\/v2\/posts\/5681","targetHints":{"allow":["GET"]}}],"collection":[{"href":"https:\/\/zonaroja.com.mx\/index.php?rest_route=\/wp\/v2\/posts"}],"about":[{"href":"https:\/\/zonaroja.com.mx\/index.php?rest_route=\/wp\/v2\/types\/post"}],"author":[{"embeddable":true,"href":"https:\/\/zonaroja.com.mx\/index.php?rest_route=\/wp\/v2\/users\/2"}],"replies":[{"embeddable":true,"href":"https:\/\/zonaroja.com.mx\/index.php?rest_route=%2Fwp%2Fv2%2Fcomments&post=5681"}],"version-history":[{"count":1,"href":"https:\/\/zonaroja.com.mx\/index.php?rest_route=\/wp\/v2\/posts\/5681\/revisions"}],"predecessor-version":[{"id":5683,"href":"https:\/\/zonaroja.com.mx\/index.php?rest_route=\/wp\/v2\/posts\/5681\/revisions\/5683"}],"wp:featuredmedia":[{"embeddable":true,"href":"https:\/\/zonaroja.com.mx\/index.php?rest_route=\/wp\/v2\/media\/5682"}],"wp:attachment":[{"href":"https:\/\/zonaroja.com.mx\/index.php?rest_route=%2Fwp%2Fv2%2Fmedia&parent=5681"}],"wp:term":[{"taxonomy":"category","embeddable":true,"href":"https:\/\/zonaroja.com.mx\/index.php?rest_route=%2Fwp%2Fv2%2Fcategories&post=5681"},{"taxonomy":"post_tag","embeddable":true,"href":"https:\/\/zonaroja.com.mx\/index.php?rest_route=%2Fwp%2Fv2%2Ftags&post=5681"}],"curies":[{"name":"wp","href":"https:\/\/api.w.org\/{rel}","templated":true}]}}