{"id":56810,"date":"2023-06-24T10:00:00","date_gmt":"2023-06-24T15:00:00","guid":{"rendered":"http:\/\/www.zonaroja.com.mx\/?p=56810"},"modified":"2023-06-24T08:19:55","modified_gmt":"2023-06-24T13:19:55","slug":"rebelion-en-rusia-mercenarios-del-pais-intentan-derrocar-a-putin","status":"publish","type":"post","link":"https:\/\/zonaroja.com.mx\/?p=56810","title":{"rendered":"Rebeli\u00f3n en Rusia: mercenarios del pa\u00eds intentan derrocar a Putin"},"content":{"rendered":"\n<p>Redacci\u00f3n\/Zona Roja Cdmx.<\/p>\n\n\n\n<p>Ciudad de M\u00e9xico, a 24 de junio de 2023.- El presidente ruso, Vladimir Putin, denunci\u00f3 hoy que \u201cRusia est\u00e1 librando la batalla m\u00e1s dura por su futuro, toda la maquinaria militar e informativa occidental est\u00e1 dirigida contra nosotros\u201d, horas despu\u00e9s de que el due\u00f1o del grupo de mercenarios Wagner, Yevgueni Prigozhin, lanz\u00f3 ayer su desaf\u00edo m\u00e1s directo al Kremlin, al llamar a una rebeli\u00f3n armada para derrocar al ministro de Defensa ruso, Serguei Shoigu.<\/p>\n\n\n\n<p>Putin calific\u00f3 el ingreso del grupo Wagner en la ciudad rusa de Rostov, sede del mando sur de su ej\u00e9rcito, de un acto de rebeld\u00eda y una \u201cpu\u00f1alada por la espalda\u201d a las tropas y al pueblo de Rusia.<\/p>\n\n\n\n<p>En su primera comparecencia tras el comienzo de los incidentes este viernes, Putin no identific\u00f3 por su nombre a Prigozhin y se dirigi\u00f3 a las fuerzas de Wagner, al pedirles: \u201ca quienes han sido empujados a la provocaci\u00f3n de esta rebeli\u00f3n militar\u201d que depongan las armas de esta \u201cpu\u00f1alada\u201d para las tropas y para el pueblo rusos.<\/p>\n\n\n\n<p>\u00abCualquier agitaci\u00f3n interna es una amenaza mortal para nuestro estado como naci\u00f3n; representa un golpe para Rusia, para nuestro pueblo y para las acciones que estamos emprendiendo para proteger a nuestra patria\u201d, asever\u00f3 en un mensaje a su naci\u00f3n, que al cierre de esta edici\u00f3n continuaba.<\/p>\n\n\n\n<p>DIF\u00cdCIL SITUACI\u00d3N<\/p>\n\n\n\n<p>\u201cNuestras acciones para defender a la patria de esta amenaza ser\u00e1n dur\u00edsimas, y sus responsables ser\u00e1n llevados ante la justicia\u201d, indic\u00f3 el presidente ruso, quien no obstante confirm\u00f3 que la situaci\u00f3n en Rostov es \u201cdif\u00edcil\u201d y que sus fuerzas intentan estabilizar la situaci\u00f3n.<\/p>\n\n\n\n<p>Horas antes, los servicios de seguridad rusos reaccionaron inmediatamente a la rebeli\u00f3n de Prigozhin y ordenaron su arresto.<\/p>\n\n\n\n<p>\u201cEsto no es un golpe militar, sino una marcha de la justicia\u201d, declar\u00f3 en su proclama Prigozhin, quie recibi\u00f3 el respaldo del empresario opositor Mijail Jodorkovski que hoy inst\u00f3 a los rusos a ayudar al l\u00edder del grupo mercenario en su rebeli\u00f3n contra el mando militar de Mosc\u00fa.<\/p>\n\n\n\n<p>El due\u00f1o del grupo de mercenarios Wagner, Yevgueni Prigozhin, asegur\u00f3 hoy (tiempo de Rusia) que sus fuerzas tomaron el cuartel general del ej\u00e9rcito ruso en Rostov, centro clave del asalto contra Ucrania, y que controla los sitios militares locales, al llamar a una rebeli\u00f3n armada para derrocar al ministro de Defensa ruso, Serguei Shoigu.<\/p>\n\n\n\n<p>Prigozhin public\u00f3 m\u00e1s tarde en Telegram: \u201cEstamos en el CG, son las 7:30 de la ma\u00f1ana (del s\u00e1bado)\u201d, acompa\u00f1ado de un video. \u201cLos sitios militares de Rostov est\u00e1n bajo control, incluido el aer\u00f3dromo\u201d, agreg\u00f3 mientras a su espalda marchaban hombres en uniforme. No hubo confirmaci\u00f3n de medios independientes.<\/p>\n\n\n\n<p>El l\u00edder de los mercenarios asegur\u00f3 la v\u00edspera: \u201cEsto no es un golpe militar, sino una marcha de la justicia\u201d, y sobre ese comentario recibi\u00f3 el respaldo del empresario opositor Mijail Jodorkovski, quien inst\u00f3 a los rusos a ayudar al l\u00edder del Grupo Wagner en su rebeli\u00f3n contra el mando militar de Mosc\u00fa.<\/p>\n\n\n\n<p>\u201cNecesitamos ayudar ahora y luego, de ser necesario, lucharemos tambi\u00e9n\u201d, expres\u00f3 en redes sociales Jodorkovski, ex magnate petrolero distanciado del Kremlin. Afirm\u00f3 que es importante apoyar \u201cincluso al diablo\u201d si decide enfrentar al Kremlin.<\/p>\n\n\n\n<p>El Comit\u00e9 Nacional Antiterrorismo, que forma parte del Servicio Federal de Seguridad (FSB, por sus siglas en ruso), indic\u00f3 que acus\u00f3 a Prigozhin de hacer llamados a una rebeli\u00f3n armada, un cargo que conlleva una pena de 20 a\u00f1os en prisi\u00f3n.<\/p>\n\n\n\n<p>El FSB pidi\u00f3 a los soldados del grupo Wagner que arresten a Prigozhin y negarse a seguir sus \u201d\u00f3rdenes criminales y traicioneras\u201d. El Kremlin se tom\u00f3 la amenaza, reforz\u00f3 la seguridad en Mosc\u00fa, Lipetsk y Rostov del Don, donde se encuentran los cuarteles para la regi\u00f3n sur de Rusia, que tambi\u00e9n se encargan de los combates en Ucrania.<\/p>\n\n\n\n<p>\u201cTOMAN\u201d CIUDAD<\/p>\n\n\n\n<p>Aunque el desenlace del enfrentamiento a\u00fan no est\u00e1 claro, es probable que dificulte todav\u00eda m\u00e1s el esfuerzo b\u00e9lico de Mosc\u00fa, mientras las tropas de Kiev someten a prueba a las defensas rusas en las primeras etapas de su contraofensiva.<\/p>\n\n\n\n<p>Prigozhin afirm\u00f3 ayer que sus soldados ingresaron a Rusia desde Ucrania y que llegaron a Rostov, al se\u00f1alar que no enfrentaron resistencia por parte de los j\u00f3venes reclutas en los puestos de control; no hab\u00eda una confirmaci\u00f3n de ello en las redes sociales rusas.<\/p>\n\n\n\n<figure class=\"wp-block-embed is-type-rich is-provider-twitter wp-block-embed-twitter\"><div class=\"wp-block-embed__wrapper\">\n<div class=\"twitter-tweet\"><blockquote class=\"twitter-tweet\" data-lang=\"es\"><p lang=\"es\" dir=\"ltr\">Mercenarios privados del Grupo Wagner tomaron la ciudad de Rostov e intentan dar un golpe de Estado en <a href=\"https:\/\/twitter.com\/hashtag\/Rusia?src=hash&amp;ref_src=twsrc%5Etfw\">#Rusia<\/a>. <br>El ej\u00e9rcito ruso perdi\u00f3 el control de la ciudad y Vladimir Putin vive su peor crisis pol\u00edtica en la historia de Rusia. <a href=\"https:\/\/t.co\/V4WVvVtF6t\">pic.twitter.com\/V4WVvVtF6t<\/a><\/p>&mdash; Zona Roja Oaxaca (@ZonaRoja_Oaxaca) <a href=\"https:\/\/twitter.com\/ZonaRoja_Oaxaca\/status\/1672462944934797312?ref_src=twsrc%5Etfw\">24 de junio de 2023<\/a><\/blockquote><\/div>\n<\/div><\/figure>\n\n\n\n<p>En mensajes en video y de audio ayer, a\u00f1adi\u00f3 que sus fuerzas \u201cno est\u00e1n luchando contra ni\u00f1os&#8230; pero destruiremos a cualquiera que se interponga en nuestro camino\u201d.<\/p>\n\n\n\n<p>El l\u00edder mercenario afirm\u00f3 que el jefe del Estado Mayor, el general Valery Gerasimov, envi\u00f3 aviones de guerra para atacar los convoyes de Wagner, que circulaban junto a veh\u00edculos ordinarios. Prigozhin tambi\u00e9n asegur\u00f3 que sus fuerzas derribaron un helic\u00f3ptero militar ruso que dispar\u00f3 contra un convoy civil, pero no hab\u00eda confirmaci\u00f3n.<\/p>\n\n\n\n<p>Videos difundidos ayer mostraban camiones oficiales bloqueando el paso en las carreteras hacia la ciudad, y convoyes de veh\u00edculos pesados de la Guardia Nacional en una carretera a las afueras de Rostov, as\u00ed como veh\u00edculos blindados patrullando las calles.<\/p>\n\n\n\n<p>El gobernador de la regi\u00f3n rusa de Rostov, Vasily Golubev, llam\u00f3 a la poblaci\u00f3n a permanecer en casa debido a la rebeli\u00f3n. El alcalde de Mosc\u00fa, Serguei Sobianin, anunci\u00f3 hoy que fueron adoptadas en la capital \u201cmedidas antiterroristas\u201d .<\/p>\n\n\n\n<p>Prigozhin acus\u00f3 que los campamentos de Wagner en Ucrania fueron atacados por cohetes, helic\u00f3pteros de combate y fuego de artiller\u00eda por orden de Gerasimov tras una reuni\u00f3n con el ministro de Defensa, Serguei Shoigu, en la que decidieron acabar con Wagner.<\/p>\n\n\n\n<p>Las tropas de mercenarios han desempe\u00f1ado un papel crucial en la guerra en Ucrania, como en la captura de la ciudad de Bakhmut, donde se libraron las batallas m\u00e1s sangrientas y largas. Prigozhin ha criticado en varias ocasiones a la c\u00fapula militar rusa, acus\u00e1ndola de ser incompetente y privar a sus tropas de armas y municiones.<\/p>\n\n\n\n<p>Prigozhin, que dijo que ten\u00eda 25 mil soldados bajo su mando, afirm\u00f3 que sus tropas se movilizar\u00edan para castigar a Shoigu en una rebeli\u00f3n armada, e inst\u00f3 al ej\u00e9rcito a no ofrecer resistencia.<\/p>\n\n\n\n<p>SIGUE AVANZADA<\/p>\n\n\n\n<p>Este s\u00e1bado temprano (hora local) se vieron camiones militares pesados y veh\u00edculos blindados en varias zonas del centro de Mosc\u00fa, as\u00ed como soldados con fusiles de asalto fueron desplegados frente al edificio principal del Ministerio de Defensa. Los alrededores de la sede de la presidencia, cerca de la Plaza Roja, estaban bloqueados, lo que obstruy\u00f3 el tr\u00e1nsito vehicular.<\/p>\n\n\n\n<p>Prigozhin, cuya enemistad con el Ministerio de Defensa se remonta a a\u00f1os atr\u00e1s, se neg\u00f3 a cumplir con un requerimiento de que todos los contratistas militares deben firmar los contratos con el ministerio antes del 1\u00ba de julio. En un comunicado emitido anoche, Prigozhin dijo que estaba dispuesto a llegar a un acuerdo con la Defensa.<\/p>\n\n\n\n<p>\u201cHoy (ayer) perpetraron un ataque con cohetes contra nuestros campamentos en la retaguardia, y han matado a una gran cantidad de nuestros camaradas\u201d, asever\u00f3 el l\u00edder mercenario. Por su parte, el Ministerio de Defensa neg\u00f3 que haya atacado los campamentos.<\/p>\n\n\n\n<p>BIDE, ATENTO<\/p>\n\n\n\n<p>La Casa Blanca inform\u00f3 que est\u00e1 \u201csupervisando la situaci\u00f3n\u201d sobre Rusia tras las amenazas de Prigozhin contra el liderazgo militar de Rusia. El presidente Joe Biden tambi\u00e9n fue informado sobre el desarrollo de la situaci\u00f3n en Rusia, indic\u00f3 el portavoz del Consejo de Seguridad Nacional, Adam Hodge, se\u00f1al\u00f3 CNN.<\/p>\n\n\n\n<p>\u201cSabemos de la situaci\u00f3n y consultaremos con aliados y socios sobre estos desarrollos\u201d, sostuvo Hodge en un comunicado.<\/p>\n\n\n\n<p>(Informaci\u00f3n de agencias internacionales en \u201cLa Jornada\u201d)<\/p>\n","protected":false},"excerpt":{"rendered":"<p>Redacci\u00f3n\/Zona Roja Cdmx. Ciudad de M\u00e9xico, a 24 de junio de 2023.- El presidente ruso,&hellip;<\/p>\n","protected":false},"author":2,"featured_media":56811,"comment_status":"closed","ping_status":"open","sticky":false,"template":"","format":"standard","meta":{"_lmt_disableupdate":"","_lmt_disable":"","_jetpack_memberships_contains_paid_content":false,"footnotes":""},"categories":[109,47],"tags":[3589],"class_list":["post-56810","post","type-post","status-publish","format-standard","has-post-thumbnail","hentry","category-minuto-a-minuto","category-zona-gris","tag-grupo-wagner-rusia"],"jetpack_featured_media_url":"https:\/\/zonaroja.com.mx\/wp-content\/uploads\/2023\/06\/Wagner-en-Rostov-Rusia.jpeg","jetpack_sharing_enabled":true,"_links":{"self":[{"href":"https:\/\/zonaroja.com.mx\/index.php?rest_route=\/wp\/v2\/posts\/56810","targetHints":{"allow":["GET"]}}],"collection":[{"href":"https:\/\/zonaroja.com.mx\/index.php?rest_route=\/wp\/v2\/posts"}],"about":[{"href":"https:\/\/zonaroja.com.mx\/index.php?rest_route=\/wp\/v2\/types\/post"}],"author":[{"embeddable":true,"href":"https:\/\/zonaroja.com.mx\/index.php?rest_route=\/wp\/v2\/users\/2"}],"replies":[{"embeddable":true,"href":"https:\/\/zonaroja.com.mx\/index.php?rest_route=%2Fwp%2Fv2%2Fcomments&post=56810"}],"version-history":[{"count":1,"href":"https:\/\/zonaroja.com.mx\/index.php?rest_route=\/wp\/v2\/posts\/56810\/revisions"}],"predecessor-version":[{"id":56812,"href":"https:\/\/zonaroja.com.mx\/index.php?rest_route=\/wp\/v2\/posts\/56810\/revisions\/56812"}],"wp:featuredmedia":[{"embeddable":true,"href":"https:\/\/zonaroja.com.mx\/index.php?rest_route=\/wp\/v2\/media\/56811"}],"wp:attachment":[{"href":"https:\/\/zonaroja.com.mx\/index.php?rest_route=%2Fwp%2Fv2%2Fmedia&parent=56810"}],"wp:term":[{"taxonomy":"category","embeddable":true,"href":"https:\/\/zonaroja.com.mx\/index.php?rest_route=%2Fwp%2Fv2%2Fcategories&post=56810"},{"taxonomy":"post_tag","embeddable":true,"href":"https:\/\/zonaroja.com.mx\/index.php?rest_route=%2Fwp%2Fv2%2Ftags&post=56810"}],"curies":[{"name":"wp","href":"https:\/\/api.w.org\/{rel}","templated":true}]}}