{"id":56813,"date":"2023-06-24T11:00:00","date_gmt":"2023-06-24T16:00:00","guid":{"rendered":"http:\/\/www.zonaroja.com.mx\/?p=56813"},"modified":"2023-06-24T08:23:35","modified_gmt":"2023-06-24T13:23:35","slug":"edil-de-xoxocotlan-reafirma-compromiso-con-inclusion-y-respeto-a-derechos","status":"publish","type":"post","link":"https:\/\/zonaroja.com.mx\/?p=56813","title":{"rendered":"Edil de Xoxocotl\u00e1n reafirma compromiso con inclusi\u00f3n y respeto a derechos\u00a0"},"content":{"rendered":"\n<p>Redacci\u00f3n\/Zona Roja.<\/p>\n\n\n\n<p>Oaxaca de Ju\u00e1rez, Oax., 24 de junio de 2023.- El presidente municipal de Santa Cruz Xoxocotl\u00e1n, Inocente Castellanos Alejos, reafirm\u00f3 su compromiso con la inclusi\u00f3n y el respeto a los derechos de todas las personas.<\/p>\n\n\n\n<p>Ello, al inaugurar la exposici\u00f3n y venta \u201cRecuperando Mis sue\u00f1os\u201d, que exhibe obras pl\u00e1sticas realizadas por personas privadas de su libertad en Centros de Readaptaci\u00f3n Social de Oaxaca.<\/p>\n\n\n\n<p>Ante el subsecretario de Prevenci\u00f3n y Reinserci\u00f3n Social de la Secretar\u00eda de Seguridad P\u00fablica y Protecci\u00f3n Ciudadana del Estado de Oaxaca, Roberto Claudio Castillo Ram\u00edrez, el doctor \u201cChente\u201d Castellanos destac\u00f3 la importancia de fomentar la cultura y las artes como herramientas de prevenci\u00f3n de conductas delictivas entre las nuevas generaciones, pero, sobre todo, de fortalecer acciones coordinadas para lograr la reinserci\u00f3n social de quienes hoy forman parte de la poblaci\u00f3n penitenciaria.<\/p>\n\n\n\n<p>\u201cLa clave para inhibir los delitos es educar en valores a la comunidad, no se trata de incrementar polic\u00edas, sino de incentivar la reintegraci\u00f3n familiar y, de que los gobiernos implementemos estrategias efectivas de prevenci\u00f3n y acciones que favorezcan la reintegraci\u00f3n de quienes han purgado condenas por infringir la ley\u201d, dijo.<\/p>\n\n\n\n<p>Agreg\u00f3, que para su gobierno colaborar en actividades como la expoventa de obras pl\u00e1sticas \u201cRecuperando Mis Sue\u00f1os\u201d, es una enorme oportunidad para confirmar que las personas privadas de su libertad son seres con talentos a los que quiz\u00e1 solo les falt\u00f3 una oportunidad para dirigir sus pasos hacia mejores condiciones de vida y, por ende, es importante ayudar a que comiencen de nuevo.<\/p>\n\n\n\n<figure class=\"wp-block-embed is-type-rich is-provider-twitter wp-block-embed-twitter\"><div class=\"wp-block-embed__wrapper\">\n<div class=\"twitter-tweet\"><blockquote class=\"twitter-tweet\" data-lang=\"es\"><p lang=\"es\" dir=\"ltr\">Di la bienvenida al titular de la <a href=\"https:\/\/twitter.com\/SprsGobOax?ref_src=twsrc%5Etfw\">@SprsGobOax<\/a> de la <a href=\"https:\/\/twitter.com\/SSPC_GobOax?ref_src=twsrc%5Etfw\">@SSPC_GobOax<\/a>, Roberto Claudio Castillo Ram\u00edrez.<br><br>Inauguramos la exposici\u00f3n &quot;Recuperando mis Sue\u00f1os&quot;, obras realizadas por personas privadas de su libertad de los Centros de Readaptaci\u00f3n Social Tanivet, Etla y DEMA.<a href=\"https:\/\/twitter.com\/hashtag\/Xoxocotl%C3%A1n?src=hash&amp;ref_src=twsrc%5Etfw\">#Xoxocotl\u00e1n<\/a> <a href=\"https:\/\/t.co\/jJJcorn62y\">pic.twitter.com\/jJJcorn62y<\/a><\/p>&mdash; Dr. Chente Castellanos (@DrCCastellanos) <a href=\"https:\/\/twitter.com\/DrCCastellanos\/status\/1672300661248249858?ref_src=twsrc%5Etfw\">23 de junio de 2023<\/a><\/blockquote><\/div>\n<\/div><\/figure>\n\n\n\n<p>Por \u00faltimo, el mun\u00edcipe agradeci\u00f3 a la Secretar\u00eda de Seguridad y especialmente a la Subsecretar\u00eda de Prevenci\u00f3n, su inter\u00e9s en que Xoxocotl\u00e1n sea sede de actividades como esta, que ayuda a las tareas de reinserci\u00f3n de las personas privadas de su libertad y ofrece un aprendizaje a la poblaci\u00f3n acerca del respeto a los derechos humanos sin distingo alguno.<\/p>\n\n\n\n<p>De su lado, adem\u00e1s de agradecer la hospitalidad del gobierno de Xoxo, Roberto Claudio Castillo Ram\u00edrez, titular de Readaptaci\u00f3n Social, destac\u00f3 el trabajo realizado por las personas privadas de su libertad, quienes se apoyan del taller gr\u00e1fico \u201cSiqueiros\u201d, \u00fanico en M\u00e9xico y cuarto en el Continente Americano, mediante el que los adolescentes y adultos que forman parte de la comunidad penitenciaria han encontrado una ruta de expresi\u00f3n, pero tambi\u00e9n una manera de trabajar en su reinserci\u00f3n social.<\/p>\n\n\n\n<p>Castillo Ram\u00edrez subray\u00f3 el importante apoyo que realiza el gobierno encabezado por Castellanos Alejos, para hacer visible la condici\u00f3n en que se encuentran los penales y c\u00f3mo se trabaja desde el estado con la poblaci\u00f3n carcelaria para lograr su reincorporaci\u00f3n a la sociedad.&nbsp;<\/p>\n\n\n\n<p>La expoventa \u201cRecuperando Mis Sue\u00f1os\u201d, que exhibe diversas obras de arte realizadas en los centros tenitenciarios Tanivet, Etla y la Direcci\u00f3n de Ejecuci\u00f3n de Medidas para Adolecentes, se mantendr\u00e1 hasta el 25 de junio en el parque municipal de esta comunidad.<\/p>\n\n\n\n<p>En el acto estuvieron presentes, regidores y coordinadores del Gobierno Municipal y funcionarios de la Subsecretar\u00eda de Prevenci\u00f3n y Readaptaci\u00f3n Social del gobierno de Oaxaca.<\/p>\n","protected":false},"excerpt":{"rendered":"<p>Redacci\u00f3n\/Zona Roja. Oaxaca de Ju\u00e1rez, Oax., 24 de junio de 2023.- El presidente municipal de&hellip;<\/p>\n","protected":false},"author":2,"featured_media":56814,"comment_status":"closed","ping_status":"open","sticky":false,"template":"","format":"standard","meta":{"_lmt_disableupdate":"","_lmt_disable":"","_jetpack_memberships_contains_paid_content":false,"footnotes":""},"categories":[109,46],"tags":[133],"class_list":["post-56813","post","type-post","status-publish","format-standard","has-post-thumbnail","hentry","category-minuto-a-minuto","category-zona-blanca","tag-santa-cruz-xoxocotlan"],"jetpack_featured_media_url":"https:\/\/zonaroja.com.mx\/wp-content\/uploads\/2023\/06\/Inocente-Castellanos-Xoxocotlan-exposicion.jpg","jetpack_sharing_enabled":true,"_links":{"self":[{"href":"https:\/\/zonaroja.com.mx\/index.php?rest_route=\/wp\/v2\/posts\/56813","targetHints":{"allow":["GET"]}}],"collection":[{"href":"https:\/\/zonaroja.com.mx\/index.php?rest_route=\/wp\/v2\/posts"}],"about":[{"href":"https:\/\/zonaroja.com.mx\/index.php?rest_route=\/wp\/v2\/types\/post"}],"author":[{"embeddable":true,"href":"https:\/\/zonaroja.com.mx\/index.php?rest_route=\/wp\/v2\/users\/2"}],"replies":[{"embeddable":true,"href":"https:\/\/zonaroja.com.mx\/index.php?rest_route=%2Fwp%2Fv2%2Fcomments&post=56813"}],"version-history":[{"count":1,"href":"https:\/\/zonaroja.com.mx\/index.php?rest_route=\/wp\/v2\/posts\/56813\/revisions"}],"predecessor-version":[{"id":56815,"href":"https:\/\/zonaroja.com.mx\/index.php?rest_route=\/wp\/v2\/posts\/56813\/revisions\/56815"}],"wp:featuredmedia":[{"embeddable":true,"href":"https:\/\/zonaroja.com.mx\/index.php?rest_route=\/wp\/v2\/media\/56814"}],"wp:attachment":[{"href":"https:\/\/zonaroja.com.mx\/index.php?rest_route=%2Fwp%2Fv2%2Fmedia&parent=56813"}],"wp:term":[{"taxonomy":"category","embeddable":true,"href":"https:\/\/zonaroja.com.mx\/index.php?rest_route=%2Fwp%2Fv2%2Fcategories&post=56813"},{"taxonomy":"post_tag","embeddable":true,"href":"https:\/\/zonaroja.com.mx\/index.php?rest_route=%2Fwp%2Fv2%2Ftags&post=56813"}],"curies":[{"name":"wp","href":"https:\/\/api.w.org\/{rel}","templated":true}]}}